{"id":5988,"date":"2018-07-24T16:03:43","date_gmt":"2018-07-24T21:03:43","guid":{"rendered":"http:\/\/nebraskadem.wpenginepowered.com\/?p=5988"},"modified":"2018-08-08T15:43:46","modified_gmt":"2018-08-08T20:43:46","slug":"volunteer-for-the-state-fair","status":"publish","type":"post","link":"https:\/\/nebraskademocrats.org\/vi\/blog\/volunteer-for-the-state-fair\/","title":{"rendered":"T\u00ecnh nguy\u1ec7n vi\u00ean cho H\u1ed9i ch\u1ee3 c\u1ea5p bang"},"content":{"rendered":"<p><span style=\"font-weight: 400;\">H\u1ed9i ch\u1ee3 Bang Nebraska \u1edf \u0110\u1ea3o Grand ch\u1ec9 c\u00f2n ch\u01b0a \u0111\u1ea7y m\u1ed9t th\u00e1ng n\u1eefa! \u0110\u00e2y l\u00e0 th\u1eddi \u0111i\u1ec3m tuy\u1ec7t v\u1eddi \u0111\u1ec3 t\u00ecnh nguy\u1ec7n gi\u00fap \u0111\u1ee1 nh\u00e2n vi\u00ean gian h\u00e0ng NDP v\u00e0 c\u00f3 r\u1ea5t nhi\u1ec1u th\u1eddi gian \u0111\u1ec3 l\u1ea5p \u0111\u1ea7y. Vui l\u00f2ng xem x\u00e9t ho\u1ea1t \u0111\u1ed9ng t\u00ecnh nguy\u1ec7n v\u00ec \u0111\u00e2y s\u1ebd l\u00e0 m\u1ed9t c\u01a1 h\u1ed9i qu\u00fd gi\u00e1 \u0111\u1ec3 ph\u00e1t h\u00e0nh t\u00e0i li\u1ec7u, \u0111\u0103ng k\u00fd c\u1eed tri v\u00e0 tr\u00f2 chuy\u1ec7n v\u1edbi nh\u1eefng ng\u01b0\u1eddi d\u00e2n Nebraskans v\u1ec1 l\u00fd do t\u1ea1i sao vi\u1ec7c h\u1ecd b\u1ecf phi\u1ebfu cho \u0110\u1ea3ng D\u00e2n ch\u1ee7 v\u00e0o n\u0103m 2018 l\u1ea1i quan tr\u1ecdng nh\u01b0 v\u1eady. <\/span><\/p>\n<p><span style=\"font-weight: 400;\">H\u1ed9i ch\u1ee3 b\u1eaft \u0111\u1ea7u v\u00e0o Th\u1ee9 S\u00e1u, ng\u00e0y 24 th\u00e1ng T\u00e1m v\u00e0 k\u00e9o d\u00e0i \u0111\u1ebfn Th\u1ee9 Hai, ng\u00e0y 3 th\u00e1ng Ch\u00edn. Gian h\u00e0ng c\u1ee7a ch\u00fang t\u00f4i s\u1ebd m\u1edf c\u1eeda t\u1eeb 8:30 s\u00e1ng \u0111\u1ebfn 8:30 t\u1ed1i m\u1ed7i ng\u00e0y c\u1ee7a h\u1ed9i ch\u1ee3. Ch\u00fang t\u00f4i c\u0169ng s\u1ebd c\u00f3 m\u1ed9t nh\u00e2n vi\u00ean NDP t\u1ea1i gian h\u00e0ng nh\u01b0ng m\u1ed9t ng\u01b0\u1eddi l\u00e0 kh\u00f4ng \u0111\u1ee7 n\u1ebfu ch\u00fang t\u00f4i mu\u1ed1n c\u00f3 th\u1ec3 th\u1ef1c s\u1ef1 ti\u1ebfp c\u1eadn v\u1edbi m\u1ecdi ng\u01b0\u1eddi t\u1ea1i s\u1ef1 ki\u1ec7n n\u00e0y. Chung t\u00f4i c\u00e2n s\u01b0\u0323 giup \u0111\u01a1 cu\u0309a ba\u0323n! <\/span><\/p>\n<p><span style=\"font-weight: 400;\">N\u1ebfu b\u1ea1n mu\u1ed1n l\u00e0m t\u00ecnh nguy\u1ec7n vi\u00ean ho\u1eb7c b\u1ea1n bi\u1ebft ai \u0111\u00f3 mu\u1ed1n t\u00ecnh nguy\u1ec7n, vui l\u00f2ng nh\u1ea5p v\u00e0o li\u00ean k\u1ebft ho\u1eb7c chuy\u1ec3n n\u00f3 cho b\u1ea1n b\u00e8 c\u1ee7a b\u1ea1n, sau \u0111\u00f3 \u0111i\u1ec1n v\u00e0o bi\u1ec3u m\u1eabu Google v\u1edbi ng\u00e0y v\u00e0 gi\u1edd b\u1ea1n mu\u1ed1n gi\u00fap \u0111\u1ee1.<\/span><\/p>\n<p><a href=\"https:\/\/goo.gl\/forms\/d7l9XGB0jTWyY6br2\">https:\/\/goo.gl\/forms\/d7l9XGB0jTWyY6br2<\/a><\/p>\n<p><span style=\"font-weight: 400;\">C\u1ea3m \u01a1n b\u1ea1n \u0111\u00e3 gi\u00fap Ph\u00e1t tri\u1ec3n cu\u1ed9c s\u1ed1ng t\u1ed1t \u0111\u1eb9p cho t\u1ea5t c\u1ea3 Nebraskans. Ch\u00fang t\u00f4i kh\u00f4ng th\u1ec3 l\u00e0m \u0111i\u1ec1u n\u00e0y m\u1ed9t m\u00ecnh v\u00e0 t\u00f4i bi\u1ebft r\u1eb1ng t\u00f4i c\u00f3 th\u1ec3 tr\u00f4ng c\u1eady v\u00e0o s\u1ef1 gi\u00fap \u0111\u1ee1 c\u1ee7a b\u1ea1n. <\/span><\/p>","protected":false},"excerpt":{"rendered":"<p>The Nebraska State Fair in Grand Island is less than one month away! This is a great time to volunteer to help staff the NDP booth and there are a lot of time slots to fill. Please consider volunteering as this will be a valuable opportunity to hand out literature, register voters, and have conversations &#8230; <a title=\"T\u00ecnh nguy\u1ec7n vi\u00ean cho H\u1ed9i ch\u1ee3 c\u1ea5p bang\" class=\"read-more\" href=\"https:\/\/nebraskademocrats.org\/vi\/blog\/volunteer-for-the-state-fair\/\" aria-label=\"More on Volunteer for the State Fair\">\u0110\u1ecdc th\u00eam<\/a><\/p>","protected":false},"author":19,"featured_media":0,"comment_status":"closed","ping_status":"closed","sticky":false,"template":"","format":"standard","meta":{"_acf_changed":false,"_exactmetrics_skip_tracking":false,"_exactmetrics_sitenote_active":false,"_exactmetrics_sitenote_note":"","_exactmetrics_sitenote_category":0,"footnotes":""},"categories":[1],"tags":[],"class_list":["post-5988","post","type-post","status-publish","format-standard","hentry","category-blog"],"acf":[],"yoast_head":"<!-- This site is optimized with the Yoast SEO plugin v27.4 - https:\/\/yoast.com\/product\/yoast-seo-wordpress\/ -->\n<title>Volunteer for the State Fair &#8211; Nebraska Democratic Party<\/title>\n<meta name=\"robots\" content=\"index, follow, max-snippet:-1, max-image-preview:large, max-video-preview:-1\" \/>\n<link rel=\"canonical\" href=\"https:\/\/nebraskademocrats.org\/vi\/blog\/volunteer-for-the-state-fair\/\" \/>\n<meta property=\"og:locale\" content=\"vi_VN\" \/>\n<meta property=\"og:type\" content=\"article\" \/>\n<meta property=\"og:title\" content=\"Volunteer for the State Fair &#8211; Nebraska Democratic Party\" \/>\n<meta property=\"og:description\" content=\"The Nebraska State Fair in Grand Island is less than one month away! This is a great time to volunteer to help staff the NDP booth and there are a lot of time slots to fill. Please consider volunteering as this will be a valuable opportunity to hand out literature, register voters, and have conversations ... Read more\" \/>\n<meta property=\"og:url\" content=\"https:\/\/nebraskademocrats.org\/vi\/blog\/volunteer-for-the-state-fair\/\" \/>\n<meta property=\"og:site_name\" content=\"Nebraska Democratic Party\" \/>\n<meta property=\"article:publisher\" content=\"https:\/\/www.facebook.com\/NebraskaDemocraticParty\/\" \/>\n<meta property=\"article:published_time\" content=\"2018-07-24T21:03:43+00:00\" \/>\n<meta property=\"article:modified_time\" content=\"2018-08-08T20:43:46+00:00\" \/>\n<meta property=\"og:image\" content=\"https:\/\/nebraskademocrats.org\/wp-content\/uploads\/2018\/09\/ne-dems-fb.jpg\" \/>\n\t<meta property=\"og:image:width\" content=\"1200\" \/>\n\t<meta property=\"og:image:height\" content=\"630\" \/>\n\t<meta property=\"og:image:type\" content=\"image\/jpeg\" \/>\n<meta name=\"author\" content=\"Precious McKesson\" \/>\n<meta name=\"twitter:card\" content=\"summary_large_image\" \/>\n<meta name=\"twitter:creator\" content=\"@nebraskadems\" \/>\n<meta name=\"twitter:site\" content=\"@nebraskadems\" \/>\n<meta name=\"twitter:label1\" content=\"\u0110\u01b0\u1ee3c vi\u1ebft b\u1edfi\" \/>\n\t<meta name=\"twitter:data1\" content=\"Precious McKesson\" \/>\n\t<meta name=\"twitter:label2\" content=\"\u01af\u1edbc t\u00ednh th\u1eddi gian \u0111\u1ecdc\" \/>\n\t<meta name=\"twitter:data2\" content=\"1 ph\u00fat\" \/>\n<script type=\"application\/ld+json\" class=\"yoast-schema-graph\">{\"@context\":\"https:\\\/\\\/schema.org\",\"@graph\":[{\"@type\":\"Article\",\"@id\":\"https:\\\/\\\/nebraskademocrats.org\\\/blog\\\/volunteer-for-the-state-fair\\\/#article\",\"isPartOf\":{\"@id\":\"https:\\\/\\\/nebraskademocrats.org\\\/blog\\\/volunteer-for-the-state-fair\\\/\"},\"author\":{\"name\":\"Precious McKesson\",\"@id\":\"https:\\\/\\\/nebraskademocrats.org\\\/#\\\/schema\\\/person\\\/33e011ea0795f404810dc40828bcf289\"},\"headline\":\"Volunteer for the State Fair\",\"datePublished\":\"2018-07-24T21:03:43+00:00\",\"dateModified\":\"2018-08-08T20:43:46+00:00\",\"mainEntityOfPage\":{\"@id\":\"https:\\\/\\\/nebraskademocrats.org\\\/blog\\\/volunteer-for-the-state-fair\\\/\"},\"wordCount\":218,\"publisher\":{\"@id\":\"https:\\\/\\\/nebraskademocrats.org\\\/#organization\"},\"articleSection\":[\"NDP Blog\"],\"inLanguage\":\"vi\"},{\"@type\":\"WebPage\",\"@id\":\"https:\\\/\\\/nebraskademocrats.org\\\/blog\\\/volunteer-for-the-state-fair\\\/\",\"url\":\"https:\\\/\\\/nebraskademocrats.org\\\/blog\\\/volunteer-for-the-state-fair\\\/\",\"name\":\"Volunteer for the State Fair &#8211; Nebraska Democratic Party\",\"isPartOf\":{\"@id\":\"https:\\\/\\\/nebraskademocrats.org\\\/#website\"},\"datePublished\":\"2018-07-24T21:03:43+00:00\",\"dateModified\":\"2018-08-08T20:43:46+00:00\",\"breadcrumb\":{\"@id\":\"https:\\\/\\\/nebraskademocrats.org\\\/blog\\\/volunteer-for-the-state-fair\\\/#breadcrumb\"},\"inLanguage\":\"vi\",\"potentialAction\":[{\"@type\":\"ReadAction\",\"target\":[\"https:\\\/\\\/nebraskademocrats.org\\\/blog\\\/volunteer-for-the-state-fair\\\/\"]}]},{\"@type\":\"BreadcrumbList\",\"@id\":\"https:\\\/\\\/nebraskademocrats.org\\\/blog\\\/volunteer-for-the-state-fair\\\/#breadcrumb\",\"itemListElement\":[{\"@type\":\"ListItem\",\"position\":1,\"name\":\"Home\",\"item\":\"https:\\\/\\\/nebraskademocrats.org\\\/\"},{\"@type\":\"ListItem\",\"position\":2,\"name\":\"Volunteer for the State Fair\"}]},{\"@type\":\"WebSite\",\"@id\":\"https:\\\/\\\/nebraskademocrats.org\\\/#website\",\"url\":\"https:\\\/\\\/nebraskademocrats.org\\\/\",\"name\":\"Nebraska Democratic Party\",\"description\":\"Growing the Good Life for All Nebraskans\",\"publisher\":{\"@id\":\"https:\\\/\\\/nebraskademocrats.org\\\/#organization\"},\"potentialAction\":[{\"@type\":\"SearchAction\",\"target\":{\"@type\":\"EntryPoint\",\"urlTemplate\":\"https:\\\/\\\/nebraskademocrats.org\\\/?s={search_term_string}\"},\"query-input\":{\"@type\":\"PropertyValueSpecification\",\"valueRequired\":true,\"valueName\":\"search_term_string\"}}],\"inLanguage\":\"vi\"},{\"@type\":\"Organization\",\"@id\":\"https:\\\/\\\/nebraskademocrats.org\\\/#organization\",\"name\":\"Nebraska Democratic Party\",\"url\":\"https:\\\/\\\/nebraskademocrats.org\\\/\",\"logo\":{\"@type\":\"ImageObject\",\"inLanguage\":\"vi\",\"@id\":\"https:\\\/\\\/nebraskademocrats.org\\\/#\\\/schema\\\/logo\\\/image\\\/\",\"url\":\"https:\\\/\\\/nebraskadem.wpenginepowered.com\\\/wp-content\\\/uploads\\\/2016\\\/05\\\/NDP2.jpg\",\"contentUrl\":\"https:\\\/\\\/nebraskadem.wpenginepowered.com\\\/wp-content\\\/uploads\\\/2016\\\/05\\\/NDP2.jpg\",\"width\":1000,\"height\":396,\"caption\":\"Nebraska Democratic Party\"},\"image\":{\"@id\":\"https:\\\/\\\/nebraskademocrats.org\\\/#\\\/schema\\\/logo\\\/image\\\/\"},\"sameAs\":[\"https:\\\/\\\/www.facebook.com\\\/NebraskaDemocraticParty\\\/\",\"https:\\\/\\\/x.com\\\/nebraskadems\"]},{\"@type\":\"Person\",\"@id\":\"https:\\\/\\\/nebraskademocrats.org\\\/#\\\/schema\\\/person\\\/33e011ea0795f404810dc40828bcf289\",\"name\":\"Precious McKesson\",\"image\":{\"@type\":\"ImageObject\",\"inLanguage\":\"vi\",\"@id\":\"https:\\\/\\\/secure.gravatar.com\\\/avatar\\\/35046e19b3373116ec64c07d386d3312028d3820dc0ffe65c344bcebc8ea9194?s=96&d=mm&r=g\",\"url\":\"https:\\\/\\\/secure.gravatar.com\\\/avatar\\\/35046e19b3373116ec64c07d386d3312028d3820dc0ffe65c344bcebc8ea9194?s=96&d=mm&r=g\",\"contentUrl\":\"https:\\\/\\\/secure.gravatar.com\\\/avatar\\\/35046e19b3373116ec64c07d386d3312028d3820dc0ffe65c344bcebc8ea9194?s=96&d=mm&r=g\",\"caption\":\"Precious McKesson\"}}]}<\/script>\n<!-- \/ Yoast SEO plugin. -->","yoast_head_json":{"title":"Volunteer for the State Fair &#8211; Nebraska Democratic Party","robots":{"index":"index","follow":"follow","max-snippet":"max-snippet:-1","max-image-preview":"max-image-preview:large","max-video-preview":"max-video-preview:-1"},"canonical":"https:\/\/nebraskademocrats.org\/vi\/blog\/volunteer-for-the-state-fair\/","og_locale":"vi_VN","og_type":"article","og_title":"Volunteer for the State Fair &#8211; Nebraska Democratic Party","og_description":"The Nebraska State Fair in Grand Island is less than one month away! This is a great time to volunteer to help staff the NDP booth and there are a lot of time slots to fill. Please consider volunteering as this will be a valuable opportunity to hand out literature, register voters, and have conversations ... Read more","og_url":"https:\/\/nebraskademocrats.org\/vi\/blog\/volunteer-for-the-state-fair\/","og_site_name":"Nebraska Democratic Party","article_publisher":"https:\/\/www.facebook.com\/NebraskaDemocraticParty\/","article_published_time":"2018-07-24T21:03:43+00:00","article_modified_time":"2018-08-08T20:43:46+00:00","og_image":[{"width":1200,"height":630,"url":"https:\/\/nebraskademocrats.org\/wp-content\/uploads\/2018\/09\/ne-dems-fb.jpg","type":"image\/jpeg"}],"author":"Precious McKesson","twitter_card":"summary_large_image","twitter_creator":"@nebraskadems","twitter_site":"@nebraskadems","twitter_misc":{"\u0110\u01b0\u1ee3c vi\u1ebft b\u1edfi":"Precious McKesson","\u01af\u1edbc t\u00ednh th\u1eddi gian \u0111\u1ecdc":"1 ph\u00fat"},"schema":{"@context":"https:\/\/schema.org","@graph":[{"@type":"Article","@id":"https:\/\/nebraskademocrats.org\/blog\/volunteer-for-the-state-fair\/#article","isPartOf":{"@id":"https:\/\/nebraskademocrats.org\/blog\/volunteer-for-the-state-fair\/"},"author":{"name":"Precious McKesson","@id":"https:\/\/nebraskademocrats.org\/#\/schema\/person\/33e011ea0795f404810dc40828bcf289"},"headline":"Volunteer for the State Fair","datePublished":"2018-07-24T21:03:43+00:00","dateModified":"2018-08-08T20:43:46+00:00","mainEntityOfPage":{"@id":"https:\/\/nebraskademocrats.org\/blog\/volunteer-for-the-state-fair\/"},"wordCount":218,"publisher":{"@id":"https:\/\/nebraskademocrats.org\/#organization"},"articleSection":["NDP Blog"],"inLanguage":"vi"},{"@type":"WebPage","@id":"https:\/\/nebraskademocrats.org\/blog\/volunteer-for-the-state-fair\/","url":"https:\/\/nebraskademocrats.org\/blog\/volunteer-for-the-state-fair\/","name":"Volunteer for the State Fair &#8211; Nebraska Democratic Party","isPartOf":{"@id":"https:\/\/nebraskademocrats.org\/#website"},"datePublished":"2018-07-24T21:03:43+00:00","dateModified":"2018-08-08T20:43:46+00:00","breadcrumb":{"@id":"https:\/\/nebraskademocrats.org\/blog\/volunteer-for-the-state-fair\/#breadcrumb"},"inLanguage":"vi","potentialAction":[{"@type":"ReadAction","target":["https:\/\/nebraskademocrats.org\/blog\/volunteer-for-the-state-fair\/"]}]},{"@type":"BreadcrumbList","@id":"https:\/\/nebraskademocrats.org\/blog\/volunteer-for-the-state-fair\/#breadcrumb","itemListElement":[{"@type":"ListItem","position":1,"name":"Home","item":"https:\/\/nebraskademocrats.org\/"},{"@type":"ListItem","position":2,"name":"Volunteer for the State Fair"}]},{"@type":"WebSite","@id":"https:\/\/nebraskademocrats.org\/#website","url":"https:\/\/nebraskademocrats.org\/","name":"Nebraska Democratic Party","description":"Ph\u00e1t tri\u1ec3n cu\u1ed9c s\u1ed1ng t\u1ed1t \u0111\u1eb9p cho t\u1ea5t c\u1ea3 Nebraskans","publisher":{"@id":"https:\/\/nebraskademocrats.org\/#organization"},"potentialAction":[{"@type":"SearchAction","target":{"@type":"EntryPoint","urlTemplate":"https:\/\/nebraskademocrats.org\/?s={search_term_string}"},"query-input":{"@type":"PropertyValueSpecification","valueRequired":true,"valueName":"search_term_string"}}],"inLanguage":"vi"},{"@type":"Organization","@id":"https:\/\/nebraskademocrats.org\/#organization","name":"Nebraska Democratic Party","url":"https:\/\/nebraskademocrats.org\/","logo":{"@type":"ImageObject","inLanguage":"vi","@id":"https:\/\/nebraskademocrats.org\/#\/schema\/logo\/image\/","url":"https:\/\/nebraskadem.wpenginepowered.com\/wp-content\/uploads\/2016\/05\/NDP2.jpg","contentUrl":"https:\/\/nebraskadem.wpenginepowered.com\/wp-content\/uploads\/2016\/05\/NDP2.jpg","width":1000,"height":396,"caption":"Nebraska Democratic Party"},"image":{"@id":"https:\/\/nebraskademocrats.org\/#\/schema\/logo\/image\/"},"sameAs":["https:\/\/www.facebook.com\/NebraskaDemocraticParty\/","https:\/\/x.com\/nebraskadems"]},{"@type":"Person","@id":"https:\/\/nebraskademocrats.org\/#\/schema\/person\/33e011ea0795f404810dc40828bcf289","name":"McKesson qu\u00fd gi\u00e1","image":{"@type":"ImageObject","inLanguage":"vi","@id":"https:\/\/secure.gravatar.com\/avatar\/35046e19b3373116ec64c07d386d3312028d3820dc0ffe65c344bcebc8ea9194?s=96&d=mm&r=g","url":"https:\/\/secure.gravatar.com\/avatar\/35046e19b3373116ec64c07d386d3312028d3820dc0ffe65c344bcebc8ea9194?s=96&d=mm&r=g","contentUrl":"https:\/\/secure.gravatar.com\/avatar\/35046e19b3373116ec64c07d386d3312028d3820dc0ffe65c344bcebc8ea9194?s=96&d=mm&r=g","caption":"Precious McKesson"}}]}},"_links":{"self":[{"href":"https:\/\/nebraskademocrats.org\/vi\/wp-json\/wp\/v2\/posts\/5988","targetHints":{"allow":["GET"]}}],"collection":[{"href":"https:\/\/nebraskademocrats.org\/vi\/wp-json\/wp\/v2\/posts"}],"about":[{"href":"https:\/\/nebraskademocrats.org\/vi\/wp-json\/wp\/v2\/types\/post"}],"author":[{"embeddable":true,"href":"https:\/\/nebraskademocrats.org\/vi\/wp-json\/wp\/v2\/users\/19"}],"replies":[{"embeddable":true,"href":"https:\/\/nebraskademocrats.org\/vi\/wp-json\/wp\/v2\/comments?post=5988"}],"version-history":[{"count":0,"href":"https:\/\/nebraskademocrats.org\/vi\/wp-json\/wp\/v2\/posts\/5988\/revisions"}],"wp:attachment":[{"href":"https:\/\/nebraskademocrats.org\/vi\/wp-json\/wp\/v2\/media?parent=5988"}],"wp:term":[{"taxonomy":"category","embeddable":true,"href":"https:\/\/nebraskademocrats.org\/vi\/wp-json\/wp\/v2\/categories?post=5988"},{"taxonomy":"post_tag","embeddable":true,"href":"https:\/\/nebraskademocrats.org\/vi\/wp-json\/wp\/v2\/tags?post=5988"}],"curies":[{"name":"wp","href":"https:\/\/api.w.org\/{rel}","templated":true}]}}