{"id":6073,"date":"2018-08-25T13:09:56","date_gmt":"2018-08-25T18:09:56","guid":{"rendered":"http:\/\/nebraskadem.wpenginepowered.com\/?p=6073"},"modified":"2018-08-25T13:22:05","modified_gmt":"2018-08-25T18:22:05","slug":"ndp-helps-lead-way-in-curtailing-power-of-superdelegates-to-pick-democratic-presidential-nominee","status":"publish","type":"post","link":"https:\/\/nebraskademocrats.org\/vi\/press-releases\/ndp-helps-lead-way-in-curtailing-power-of-superdelegates-to-pick-democratic-presidential-nominee\/","title":{"rendered":"NDP gi\u00fap d\u1eabn \u0111\u1ea7u trong vi\u1ec7c gi\u1ea3m b\u1edbt quy\u1ec1n l\u1ef1c c\u1ee7a c\u00e1c si\u00eau \u0111\u1ea1i bi\u1ec3u \u0111\u1ec3 ch\u1ecdn ra \u1ee9ng c\u1eed vi\u00ean t\u1ed5ng th\u1ed1ng c\u1ee7a \u0111\u1ea3ng D\u00e2n ch\u1ee7."},"content":{"rendered":"<p><span style=\"font-weight: 400;\">C\u00e1c nh\u00e0 l\u00e3nh \u0111\u1ea1o Nebraska Democratic Party \u0111\u00e3 gi\u00fap d\u1eabn \u0111\u1ea7u cu\u1ed9c b\u1ecf phi\u1ebfu th\u00e0nh c\u00f4ng c\u1ee7a \u1ee6y ban Qu\u1ed1c gia \u0110\u1ea3ng D\u00e2n ch\u1ee7 v\u00e0o th\u1ee9 B\u1ea3y \u0111\u1ec3 h\u1ea1n ch\u1ebf quy\u1ec1n l\u1ef1c c\u1ee7a c\u00e1c Si\u00eau \u0111\u1ea1i bi\u1ec3u trong vi\u1ec7c ch\u1ecdn \u1ee9ng c\u1eed vi\u00ean t\u1ed5ng th\u1ed1ng c\u1ee7a \u0111\u1ea3ng.<\/span><\/p>\n<p><span style=\"font-weight: 400;\">Nh\u1eefng ng\u01b0\u1eddi tham d\u1ef1 cu\u1ed9c h\u1ecdp m\u00f9a h\u00e8 DNC \u1edf Chicago \u0111\u00e3 b\u1ecf phi\u1ebfu \u0111\u1ec3 k\u1ebft th\u00fac Superdelegates<\/span><span style=\"font-weight: 400;\"> kh\u1ea3 n\u0103ng b\u1ecf phi\u1ebfu quy\u1ebft \u0111\u1ecbnh trong l\u00e1 phi\u1ebfu \u0111\u1ea7u ti\u00ean c\u1ee7a c\u00e1c h\u1ed9i ngh\u1ecb \u0111\u1ec1 c\u1eed t\u1ed5ng th\u1ed1ng,<\/span><span style=\"font-weight: 400;\"> m\u1ed9t h\u00e0nh vi \u0111\u00e3 g\u00e2y chia r\u1ebd trong \u0111\u1ea3ng.<\/span><\/p>\n<p><span style=\"font-weight: 400;\">C\u00e1c th\u00e0nh vi\u00ean Nebraska DNC \u0111\u00e3 b\u1ecf phi\u1ebfu cho c\u1ea3i c\u00e1ch l\u00e0: Ch\u1ee7 t\u1ecbch NDP Jane Kleeb, Ph\u00f3 Ch\u1ee7 t\u1ecbch th\u1ee9 nh\u1ea5t Frank LaMere, Nh\u00e0 l\u00e3nh \u0111\u1ea1o Cam k\u1ebft Patty Zieg v\u00e0 Ng\u01b0\u1eddi cam k\u1ebft Ron Kaminski.<\/span><\/p>\n<p><span style=\"font-weight: 400;\">\u201c\u0110\u1ea3ng D\u00e2n ch\u1ee7 ki\u00ean c\u01b0\u1eddng. Khi ch\u00fang t\u00f4i th\u1ea5y \u0111i\u1ec1u g\u00ec \u0111\u00f3 b\u1ecb h\u1ecfng, ch\u00fang t\u00f4i s\u1ebd s\u1eeda n\u00f3 - \u0111i\u1ec1u n\u00e0y bao g\u1ed3m c\u00e1c quy t\u1eafc c\u1ee7a \u0111\u1ea3ng ch\u00fang t\u00f4i \u1ea3nh h\u01b0\u1edfng \u0111\u1ebfn c\u00e1c cu\u1ed9c b\u1ea7u c\u1eed, \u201dKleeb, ng\u01b0\u1eddi \u0111\u00e3 gi\u00fap d\u1eabn \u0111\u1ea7u n\u1ed7 l\u1ef1c c\u1ea3i c\u00e1ch, cho bi\u1ebft.<\/span><\/p>\n<p><span style=\"font-weight: 400;\">C\u00e1c \u0111\u1ea1i bi\u1ec3u si\u00eau \u0111\u1ea1i bi\u1ec3u l\u00e0 nh\u1eefng \u0111\u1ea1i bi\u1ec3u ch\u01b0a \u0111\u01b0\u1ee3c x\u1ebfp h\u1ea1ng tham d\u1ef1 \u0110\u1ea1i h\u1ed9i Qu\u1ed1c gia c\u1ee7a \u0110\u1ea3ng D\u00e2n ch\u1ee7, nh\u1eefng ng\u01b0\u1eddi \u0111\u01b0\u1ee3c t\u1ef1 \u0111\u1ed9ng ng\u1ed3i v\u00e0o gh\u1ebf v\u00e0 c\u00f3 th\u1ec3 b\u1ecf phi\u1ebfu cho \u1ee9ng c\u1eed vi\u00ean t\u1ed5ng th\u1ed1ng m\u00e0 h\u1ecd l\u1ef1a ch\u1ecdn. H\u1ecd kh\u00e1c v\u1edbi c\u00e1c \u0111\u1ea1i bi\u1ec3u \u201c\u0111\u00e3 cam k\u1ebft\u201d, nh\u1eefng ng\u01b0\u1eddi \u0111\u1ed3ng \u00fd b\u1ecf phi\u1ebfu cho m\u1ed9t \u1ee9ng c\u1eed vi\u00ean \u0111\u01b0\u1ee3c \u0111\u1ec1 c\u1eed d\u1ef1a tr\u00ean c\u00e1c cu\u1ed9c b\u1ea7u c\u1eed s\u01a1 b\u1ed9 c\u1ee7a \u0111\u1ea3ng v\u00e0 c\u00e1c cu\u1ed9c h\u1ecdp k\u00edn \u1edf m\u1ed7i bang.<\/span><\/p>\n<p><span style=\"font-weight: 400;\">C\u00e1c \u0111\u1ea1i bi\u1ec3u si\u00eau \u0111\u1ea1i bi\u1ec3u chi\u1ebfm \u00edt h\u01a1n 15% trong s\u1ed1 t\u1ea5t c\u1ea3 c\u00e1c \u0111\u1ea1i bi\u1ec3u c\u1ee7a h\u1ed9i ngh\u1ecb v\u00e0 bao g\u1ed3m c\u00e1c quan ch\u1ee9c \u0111\u01b0\u1ee3c b\u1ea7u v\u00e0 l\u00e3nh \u0111\u1ea1o \u0111\u1ea3ng.<\/span><\/p>\n<p><span style=\"font-weight: 400;\">V\u1ea5n \u0111\u1ec1 tr\u1edf n\u00ean n\u1ed5i c\u1ed9m v\u00e0o n\u0103m 2016, khi h\u00e3ng tin AP tuy\u00ean b\u1ed1 Hillary Clinton l\u00e0 \u1ee9ng c\u1eed vi\u00ean gi\u1ea3 \u0111\u1ecbnh c\u1ee7a \u0111\u1ea3ng<\/span><span style=\"font-weight: 400;\">e over Th\u01b0\u1ee3ng ngh\u1ecb s\u0129 Bernie Sanders<\/span><span style=\"font-weight: 400;\"> tr\u01b0\u1edbc quy \u01b0\u1edbc \u0111\u1ec1 c\u1eed d\u1ef1a tr\u00ean cu\u1ed9c th\u0103m d\u00f2 \u00fd ki\u1ebfn c\u1ee7a c\u00e1c Superdelegates.<\/span><\/p>\n<p><span style=\"font-weight: 400;\">Ch\u1ee7 t\u1ecbch DNC Tom Perez \u0111\u00e3 n\u00f3i r\u1eb1ng vi\u1ec7c c\u1eaft gi\u1ea3m vi\u1ec7c s\u1eed d\u1ee5ng Superdelegates l\u00e0 m\u1ed9t ph\u1ea7n c\u1ee7a n\u1ed7 l\u1ef1c r\u1ed9ng l\u1edbn h\u01a1n \u0111\u1ec3 x\u00e2y d\u1ef1ng l\u1ea1i ni\u1ec1m tin v\u00e0 ch\u1eefa l\u00e0nh v\u1ebft th\u01b0\u01a1ng trong giai \u0111o\u1ea1n \u0111\u1ea7u n\u0103m 2016. \u00d4ng n\u00f3i: \u201cKh\u00f4ng c\u00f3 \u1ee9ng c\u1eed vi\u00ean n\u00e0o n\u00ean c\u00f3 m\u1ed9t v\u1ecb tr\u00ed d\u1eabn \u0111\u1ea7u t\u00edch l\u0169y, d\u00f9 l\u00e0 th\u1ef1c hay nh\u1eadn, tr\u01b0\u1edbc khi l\u00e1 phi\u1ebfu \u0111\u1ea7u ti\u00ean \u0111\u01b0\u1ee3c b\u1ecf qua.<\/span><\/p>\n<p><span style=\"font-weight: 400;\">Kleeb l\u00e0 m\u1ed9t ph\u1ea7n c\u1ee7a 21 th\u00e0nh vi\u00ean DNC<\/span><a href=\"https:\/\/democrats.org\/page\/unity-reform-commission\"> <span style=\"font-weight: 400;\">\u1ee6y ban C\u1ea3i c\u00e1ch Th\u1ed1ng nh\u1ea5t<\/span><\/a><span style=\"font-weight: 400;\"> \u0111\u00e3 v\u00f4 \u0111\u1ecbch v\u1ec1 s\u1ef1 thay \u0111\u1ed5i. \u1ee6y ban bao g\u1ed3m ch\u00edn th\u00e0nh vi\u00ean do Clinton l\u1ef1a ch\u1ecdn, b\u1ea3y th\u00e0nh vi\u00ean do Sanders ch\u1ecdn, ba th\u00e0nh vi\u00ean do Perez ch\u1ecdn, ch\u1ee7 t\u1ecbch v\u00e0 ph\u00f3 ch\u1ee7 t\u1ecbch - l\u1ea7n l\u01b0\u1ee3t do Clinton v\u00e0 Sanders l\u1ef1a ch\u1ecdn.<\/span><\/p>\n<p><span style=\"font-weight: 400;\">Kleeb n\u00f3i: \u201cC\u00e1c c\u1eed tri c\u1ea5p c\u01a1 s\u1edf \u0111\u00e3 n\u00f3i r\u00f5 r\u1eb1ng ch\u00fang t\u00f4i c\u1ea7n ph\u1ea3i ch\u1ea5m d\u1ee9t Superdelegates v\u00e0 c\u1ea3i thi\u1ec7n quy tr\u00ecnh s\u01a1 b\u1ed9 c\u1ee7a t\u1ed5ng th\u1ed1ng. \u201cCh\u00fang t\u00f4i \u0111\u00e3 th\u1ef1c hi\u1ec7n nh\u1eefng thay \u0111\u1ed5i n\u00e0y v\u00e0o cu\u1ed1i tu\u1ea7n n\u00e0y. C\u00e1c \u1ee9ng c\u1eed vi\u00ean c\u1ee7a \u0110\u1ea3ng D\u00e2n ch\u1ee7 n\u0103m nay l\u1ea7n \u0111\u1ea7u ti\u00ean tr\u00f4ng gi\u1ed1ng nh\u01b0 c\u00e1c c\u1ed9ng \u0111\u1ed3ng c\u1ee7a ch\u00fang t\u00f4i. Ch\u00fang t\u00f4i t\u1ef1 tin r\u1eb1ng nh\u1eefng thay \u0111\u1ed5i n\u00e0y s\u1ebd gi\u00fap ch\u00fang t\u00f4i ch\u1ea5m d\u1ee9t ch\u1ebf \u0111\u1ed9 \u0111\u1ed9c \u0111\u1ea3ng \u1edf Nebraska \u201d.<\/span><\/p>\n<p><span style=\"font-weight: 400;\">LaMere cho bi\u1ebft: <\/span><span style=\"font-weight: 400;\">\u201cHi\u1ec7n tr\u1ea1ng g\u00e2y kh\u00f3 kh\u0103n cho \u0111\u1ea3ng c\u1ee7a ch\u00fang t\u00f4i k\u1ec3 t\u1eeb n\u0103m 2016 \u0111\u00e3 l\u00e0 d\u0129 v\u00e3ng v\u00e0 t\u00f4i c\u00f3 th\u1ec3 n\u00f3i kh\u00f4ng c\u1ea7n c\u01b0\u1eddng \u0111i\u1ec7u r\u1eb1ng \u0111\u00f3 l\u00e0 m\u1ed9t &#039;ng\u00e0y m\u1edbi&#039; trong \u0110\u1ea3ng D\u00e2n ch\u1ee7. Tr\u00ean kh\u1eafp n\u01b0\u1edbc M\u1ef9 v\u00e0 tr\u00ean kh\u1eafp Nebraska. \u201d<\/span><\/p>\n<p>&nbsp;<\/p>\n<p style=\"text-align: center;\"><span style=\"font-weight: 400;\"># # # #<\/span><\/p>","protected":false},"excerpt":{"rendered":"<p>Nebraska Democratic Party leaders helped spearhead a successful vote by the Democratic National Committee on Saturday to curtail the power of Superdelegates in picking the party&#8217;s presidential nominee. Attendees of the DNC summer meeting in Chicago voted to end Superdelegates ability to cast decisive votes on the first ballot of presidential nominating conventions, a practice &#8230; <a title=\"NDP gi\u00fap d\u1eabn \u0111\u1ea7u trong vi\u1ec7c gi\u1ea3m b\u1edbt quy\u1ec1n l\u1ef1c c\u1ee7a c\u00e1c si\u00eau \u0111\u1ea1i bi\u1ec3u \u0111\u1ec3 ch\u1ecdn ra \u1ee9ng c\u1eed vi\u00ean t\u1ed5ng th\u1ed1ng c\u1ee7a \u0111\u1ea3ng D\u00e2n ch\u1ee7.\" class=\"read-more\" href=\"https:\/\/nebraskademocrats.org\/vi\/press-releases\/ndp-helps-lead-way-in-curtailing-power-of-superdelegates-to-pick-democratic-presidential-nominee\/\" aria-label=\"More on NDP Helps Lead Way in Curtailing \u00a0Power of Superdelegates to Pick Democratic Presidential Nominee.\">\u0110\u1ecdc th\u00eam<\/a><\/p>","protected":false},"author":19,"featured_media":0,"comment_status":"closed","ping_status":"closed","sticky":false,"template":"","format":"standard","meta":{"_acf_changed":false,"_exactmetrics_skip_tracking":false,"_exactmetrics_sitenote_active":false,"_exactmetrics_sitenote_note":"","_exactmetrics_sitenote_category":0,"footnotes":""},"categories":[4],"tags":[],"class_list":["post-6073","post","type-post","status-publish","format-standard","hentry","category-press-releases"],"acf":[],"yoast_head":"<!-- This site is optimized with the Yoast SEO plugin v27.4 - https:\/\/yoast.com\/product\/yoast-seo-wordpress\/ -->\n<title>NDP Helps Lead Way in Curtailing \u00a0Power of Superdelegates to Pick Democratic Presidential Nominee. &#8211; Nebraska Democratic Party<\/title>\n<meta name=\"robots\" content=\"index, follow, max-snippet:-1, max-image-preview:large, max-video-preview:-1\" \/>\n<link rel=\"canonical\" href=\"https:\/\/nebraskademocrats.org\/vi\/press-releases\/ndp-helps-lead-way-in-curtailing-power-of-superdelegates-to-pick-democratic-presidential-nominee\/\" \/>\n<meta property=\"og:locale\" content=\"vi_VN\" \/>\n<meta property=\"og:type\" content=\"article\" \/>\n<meta property=\"og:title\" content=\"NDP Helps Lead Way in Curtailing \u00a0Power of Superdelegates to Pick Democratic Presidential Nominee. &#8211; Nebraska Democratic Party\" \/>\n<meta property=\"og:description\" content=\"Nebraska Democratic Party leaders helped spearhead a successful vote by the Democratic National Committee on Saturday to curtail the power of Superdelegates in picking the party&#8217;s presidential nominee. Attendees of the DNC summer meeting in Chicago voted to end Superdelegates ability to cast decisive votes on the first ballot of presidential nominating conventions, a practice ... Read more\" \/>\n<meta property=\"og:url\" content=\"https:\/\/nebraskademocrats.org\/vi\/press-releases\/ndp-helps-lead-way-in-curtailing-power-of-superdelegates-to-pick-democratic-presidential-nominee\/\" \/>\n<meta property=\"og:site_name\" content=\"Nebraska Democratic Party\" \/>\n<meta property=\"article:publisher\" content=\"https:\/\/www.facebook.com\/NebraskaDemocraticParty\/\" \/>\n<meta property=\"article:published_time\" content=\"2018-08-25T18:09:56+00:00\" \/>\n<meta property=\"article:modified_time\" content=\"2018-08-25T18:22:05+00:00\" \/>\n<meta property=\"og:image\" content=\"https:\/\/nebraskademocrats.org\/wp-content\/uploads\/2018\/09\/ne-dems-fb.jpg\" \/>\n\t<meta property=\"og:image:width\" content=\"1200\" \/>\n\t<meta property=\"og:image:height\" content=\"630\" \/>\n\t<meta property=\"og:image:type\" content=\"image\/jpeg\" \/>\n<meta name=\"author\" content=\"Precious McKesson\" \/>\n<meta name=\"twitter:card\" content=\"summary_large_image\" \/>\n<meta name=\"twitter:creator\" content=\"@nebraskadems\" \/>\n<meta name=\"twitter:site\" content=\"@nebraskadems\" \/>\n<meta name=\"twitter:label1\" content=\"\u0110\u01b0\u1ee3c vi\u1ebft b\u1edfi\" \/>\n\t<meta name=\"twitter:data1\" content=\"Precious McKesson\" \/>\n\t<meta name=\"twitter:label2\" content=\"\u01af\u1edbc t\u00ednh th\u1eddi gian \u0111\u1ecdc\" \/>\n\t<meta name=\"twitter:data2\" content=\"2 ph\u00fat\" \/>\n<script type=\"application\/ld+json\" class=\"yoast-schema-graph\">{\"@context\":\"https:\\\/\\\/schema.org\",\"@graph\":[{\"@type\":\"Article\",\"@id\":\"https:\\\/\\\/nebraskademocrats.org\\\/press-releases\\\/ndp-helps-lead-way-in-curtailing-power-of-superdelegates-to-pick-democratic-presidential-nominee\\\/#article\",\"isPartOf\":{\"@id\":\"https:\\\/\\\/nebraskademocrats.org\\\/press-releases\\\/ndp-helps-lead-way-in-curtailing-power-of-superdelegates-to-pick-democratic-presidential-nominee\\\/\"},\"author\":{\"name\":\"Precious McKesson\",\"@id\":\"https:\\\/\\\/nebraskademocrats.org\\\/#\\\/schema\\\/person\\\/33e011ea0795f404810dc40828bcf289\"},\"headline\":\"NDP Helps Lead Way in Curtailing \u00a0Power of Superdelegates to Pick Democratic Presidential Nominee.\",\"datePublished\":\"2018-08-25T18:09:56+00:00\",\"dateModified\":\"2018-08-25T18:22:05+00:00\",\"mainEntityOfPage\":{\"@id\":\"https:\\\/\\\/nebraskademocrats.org\\\/press-releases\\\/ndp-helps-lead-way-in-curtailing-power-of-superdelegates-to-pick-democratic-presidential-nominee\\\/\"},\"wordCount\":410,\"publisher\":{\"@id\":\"https:\\\/\\\/nebraskademocrats.org\\\/#organization\"},\"articleSection\":[\"Press Releases\"],\"inLanguage\":\"vi\"},{\"@type\":\"WebPage\",\"@id\":\"https:\\\/\\\/nebraskademocrats.org\\\/press-releases\\\/ndp-helps-lead-way-in-curtailing-power-of-superdelegates-to-pick-democratic-presidential-nominee\\\/\",\"url\":\"https:\\\/\\\/nebraskademocrats.org\\\/press-releases\\\/ndp-helps-lead-way-in-curtailing-power-of-superdelegates-to-pick-democratic-presidential-nominee\\\/\",\"name\":\"NDP Helps Lead Way in Curtailing \u00a0Power of Superdelegates to Pick Democratic Presidential Nominee. &#8211; Nebraska Democratic Party\",\"isPartOf\":{\"@id\":\"https:\\\/\\\/nebraskademocrats.org\\\/#website\"},\"datePublished\":\"2018-08-25T18:09:56+00:00\",\"dateModified\":\"2018-08-25T18:22:05+00:00\",\"breadcrumb\":{\"@id\":\"https:\\\/\\\/nebraskademocrats.org\\\/press-releases\\\/ndp-helps-lead-way-in-curtailing-power-of-superdelegates-to-pick-democratic-presidential-nominee\\\/#breadcrumb\"},\"inLanguage\":\"vi\",\"potentialAction\":[{\"@type\":\"ReadAction\",\"target\":[\"https:\\\/\\\/nebraskademocrats.org\\\/press-releases\\\/ndp-helps-lead-way-in-curtailing-power-of-superdelegates-to-pick-democratic-presidential-nominee\\\/\"]}]},{\"@type\":\"BreadcrumbList\",\"@id\":\"https:\\\/\\\/nebraskademocrats.org\\\/press-releases\\\/ndp-helps-lead-way-in-curtailing-power-of-superdelegates-to-pick-democratic-presidential-nominee\\\/#breadcrumb\",\"itemListElement\":[{\"@type\":\"ListItem\",\"position\":1,\"name\":\"Home\",\"item\":\"https:\\\/\\\/nebraskademocrats.org\\\/\"},{\"@type\":\"ListItem\",\"position\":2,\"name\":\"NDP Helps Lead Way in Curtailing \u00a0Power of Superdelegates to Pick Democratic Presidential Nominee.\"}]},{\"@type\":\"WebSite\",\"@id\":\"https:\\\/\\\/nebraskademocrats.org\\\/#website\",\"url\":\"https:\\\/\\\/nebraskademocrats.org\\\/\",\"name\":\"Nebraska Democratic Party\",\"description\":\"Growing the Good Life for All Nebraskans\",\"publisher\":{\"@id\":\"https:\\\/\\\/nebraskademocrats.org\\\/#organization\"},\"potentialAction\":[{\"@type\":\"SearchAction\",\"target\":{\"@type\":\"EntryPoint\",\"urlTemplate\":\"https:\\\/\\\/nebraskademocrats.org\\\/?s={search_term_string}\"},\"query-input\":{\"@type\":\"PropertyValueSpecification\",\"valueRequired\":true,\"valueName\":\"search_term_string\"}}],\"inLanguage\":\"vi\"},{\"@type\":\"Organization\",\"@id\":\"https:\\\/\\\/nebraskademocrats.org\\\/#organization\",\"name\":\"Nebraska Democratic Party\",\"url\":\"https:\\\/\\\/nebraskademocrats.org\\\/\",\"logo\":{\"@type\":\"ImageObject\",\"inLanguage\":\"vi\",\"@id\":\"https:\\\/\\\/nebraskademocrats.org\\\/#\\\/schema\\\/logo\\\/image\\\/\",\"url\":\"https:\\\/\\\/nebraskadem.wpenginepowered.com\\\/wp-content\\\/uploads\\\/2016\\\/05\\\/NDP2.jpg\",\"contentUrl\":\"https:\\\/\\\/nebraskadem.wpenginepowered.com\\\/wp-content\\\/uploads\\\/2016\\\/05\\\/NDP2.jpg\",\"width\":1000,\"height\":396,\"caption\":\"Nebraska Democratic Party\"},\"image\":{\"@id\":\"https:\\\/\\\/nebraskademocrats.org\\\/#\\\/schema\\\/logo\\\/image\\\/\"},\"sameAs\":[\"https:\\\/\\\/www.facebook.com\\\/NebraskaDemocraticParty\\\/\",\"https:\\\/\\\/x.com\\\/nebraskadems\"]},{\"@type\":\"Person\",\"@id\":\"https:\\\/\\\/nebraskademocrats.org\\\/#\\\/schema\\\/person\\\/33e011ea0795f404810dc40828bcf289\",\"name\":\"Precious McKesson\",\"image\":{\"@type\":\"ImageObject\",\"inLanguage\":\"vi\",\"@id\":\"https:\\\/\\\/secure.gravatar.com\\\/avatar\\\/35046e19b3373116ec64c07d386d3312028d3820dc0ffe65c344bcebc8ea9194?s=96&d=mm&r=g\",\"url\":\"https:\\\/\\\/secure.gravatar.com\\\/avatar\\\/35046e19b3373116ec64c07d386d3312028d3820dc0ffe65c344bcebc8ea9194?s=96&d=mm&r=g\",\"contentUrl\":\"https:\\\/\\\/secure.gravatar.com\\\/avatar\\\/35046e19b3373116ec64c07d386d3312028d3820dc0ffe65c344bcebc8ea9194?s=96&d=mm&r=g\",\"caption\":\"Precious McKesson\"}}]}<\/script>\n<!-- \/ Yoast SEO plugin. -->","yoast_head_json":{"title":"NDP Helps Lead Way in Curtailing \u00a0Power of Superdelegates to Pick Democratic Presidential Nominee. &#8211; Nebraska Democratic Party","robots":{"index":"index","follow":"follow","max-snippet":"max-snippet:-1","max-image-preview":"max-image-preview:large","max-video-preview":"max-video-preview:-1"},"canonical":"https:\/\/nebraskademocrats.org\/vi\/press-releases\/ndp-helps-lead-way-in-curtailing-power-of-superdelegates-to-pick-democratic-presidential-nominee\/","og_locale":"vi_VN","og_type":"article","og_title":"NDP Helps Lead Way in Curtailing \u00a0Power of Superdelegates to Pick Democratic Presidential Nominee. &#8211; Nebraska Democratic Party","og_description":"Nebraska Democratic Party leaders helped spearhead a successful vote by the Democratic National Committee on Saturday to curtail the power of Superdelegates in picking the party&#8217;s presidential nominee. Attendees of the DNC summer meeting in Chicago voted to end Superdelegates ability to cast decisive votes on the first ballot of presidential nominating conventions, a practice ... Read more","og_url":"https:\/\/nebraskademocrats.org\/vi\/press-releases\/ndp-helps-lead-way-in-curtailing-power-of-superdelegates-to-pick-democratic-presidential-nominee\/","og_site_name":"Nebraska Democratic Party","article_publisher":"https:\/\/www.facebook.com\/NebraskaDemocraticParty\/","article_published_time":"2018-08-25T18:09:56+00:00","article_modified_time":"2018-08-25T18:22:05+00:00","og_image":[{"width":1200,"height":630,"url":"https:\/\/nebraskademocrats.org\/wp-content\/uploads\/2018\/09\/ne-dems-fb.jpg","type":"image\/jpeg"}],"author":"Precious McKesson","twitter_card":"summary_large_image","twitter_creator":"@nebraskadems","twitter_site":"@nebraskadems","twitter_misc":{"\u0110\u01b0\u1ee3c vi\u1ebft b\u1edfi":"Precious McKesson","\u01af\u1edbc t\u00ednh th\u1eddi gian \u0111\u1ecdc":"2 ph\u00fat"},"schema":{"@context":"https:\/\/schema.org","@graph":[{"@type":"Article","@id":"https:\/\/nebraskademocrats.org\/press-releases\/ndp-helps-lead-way-in-curtailing-power-of-superdelegates-to-pick-democratic-presidential-nominee\/#article","isPartOf":{"@id":"https:\/\/nebraskademocrats.org\/press-releases\/ndp-helps-lead-way-in-curtailing-power-of-superdelegates-to-pick-democratic-presidential-nominee\/"},"author":{"name":"Precious McKesson","@id":"https:\/\/nebraskademocrats.org\/#\/schema\/person\/33e011ea0795f404810dc40828bcf289"},"headline":"NDP Helps Lead Way in Curtailing \u00a0Power of Superdelegates to Pick Democratic Presidential Nominee.","datePublished":"2018-08-25T18:09:56+00:00","dateModified":"2018-08-25T18:22:05+00:00","mainEntityOfPage":{"@id":"https:\/\/nebraskademocrats.org\/press-releases\/ndp-helps-lead-way-in-curtailing-power-of-superdelegates-to-pick-democratic-presidential-nominee\/"},"wordCount":410,"publisher":{"@id":"https:\/\/nebraskademocrats.org\/#organization"},"articleSection":["Press Releases"],"inLanguage":"vi"},{"@type":"WebPage","@id":"https:\/\/nebraskademocrats.org\/press-releases\/ndp-helps-lead-way-in-curtailing-power-of-superdelegates-to-pick-democratic-presidential-nominee\/","url":"https:\/\/nebraskademocrats.org\/press-releases\/ndp-helps-lead-way-in-curtailing-power-of-superdelegates-to-pick-democratic-presidential-nominee\/","name":"NDP Helps Lead Way in Curtailing \u00a0Power of Superdelegates to Pick Democratic Presidential Nominee. &#8211; Nebraska Democratic Party","isPartOf":{"@id":"https:\/\/nebraskademocrats.org\/#website"},"datePublished":"2018-08-25T18:09:56+00:00","dateModified":"2018-08-25T18:22:05+00:00","breadcrumb":{"@id":"https:\/\/nebraskademocrats.org\/press-releases\/ndp-helps-lead-way-in-curtailing-power-of-superdelegates-to-pick-democratic-presidential-nominee\/#breadcrumb"},"inLanguage":"vi","potentialAction":[{"@type":"ReadAction","target":["https:\/\/nebraskademocrats.org\/press-releases\/ndp-helps-lead-way-in-curtailing-power-of-superdelegates-to-pick-democratic-presidential-nominee\/"]}]},{"@type":"BreadcrumbList","@id":"https:\/\/nebraskademocrats.org\/press-releases\/ndp-helps-lead-way-in-curtailing-power-of-superdelegates-to-pick-democratic-presidential-nominee\/#breadcrumb","itemListElement":[{"@type":"ListItem","position":1,"name":"Home","item":"https:\/\/nebraskademocrats.org\/"},{"@type":"ListItem","position":2,"name":"NDP Helps Lead Way in Curtailing \u00a0Power of Superdelegates to Pick Democratic Presidential Nominee."}]},{"@type":"WebSite","@id":"https:\/\/nebraskademocrats.org\/#website","url":"https:\/\/nebraskademocrats.org\/","name":"Nebraska Democratic Party","description":"Ph\u00e1t tri\u1ec3n cu\u1ed9c s\u1ed1ng t\u1ed1t \u0111\u1eb9p cho t\u1ea5t c\u1ea3 Nebraskans","publisher":{"@id":"https:\/\/nebraskademocrats.org\/#organization"},"potentialAction":[{"@type":"SearchAction","target":{"@type":"EntryPoint","urlTemplate":"https:\/\/nebraskademocrats.org\/?s={search_term_string}"},"query-input":{"@type":"PropertyValueSpecification","valueRequired":true,"valueName":"search_term_string"}}],"inLanguage":"vi"},{"@type":"Organization","@id":"https:\/\/nebraskademocrats.org\/#organization","name":"Nebraska Democratic Party","url":"https:\/\/nebraskademocrats.org\/","logo":{"@type":"ImageObject","inLanguage":"vi","@id":"https:\/\/nebraskademocrats.org\/#\/schema\/logo\/image\/","url":"https:\/\/nebraskadem.wpenginepowered.com\/wp-content\/uploads\/2016\/05\/NDP2.jpg","contentUrl":"https:\/\/nebraskadem.wpenginepowered.com\/wp-content\/uploads\/2016\/05\/NDP2.jpg","width":1000,"height":396,"caption":"Nebraska Democratic Party"},"image":{"@id":"https:\/\/nebraskademocrats.org\/#\/schema\/logo\/image\/"},"sameAs":["https:\/\/www.facebook.com\/NebraskaDemocraticParty\/","https:\/\/x.com\/nebraskadems"]},{"@type":"Person","@id":"https:\/\/nebraskademocrats.org\/#\/schema\/person\/33e011ea0795f404810dc40828bcf289","name":"McKesson qu\u00fd gi\u00e1","image":{"@type":"ImageObject","inLanguage":"vi","@id":"https:\/\/secure.gravatar.com\/avatar\/35046e19b3373116ec64c07d386d3312028d3820dc0ffe65c344bcebc8ea9194?s=96&d=mm&r=g","url":"https:\/\/secure.gravatar.com\/avatar\/35046e19b3373116ec64c07d386d3312028d3820dc0ffe65c344bcebc8ea9194?s=96&d=mm&r=g","contentUrl":"https:\/\/secure.gravatar.com\/avatar\/35046e19b3373116ec64c07d386d3312028d3820dc0ffe65c344bcebc8ea9194?s=96&d=mm&r=g","caption":"Precious McKesson"}}]}},"_links":{"self":[{"href":"https:\/\/nebraskademocrats.org\/vi\/wp-json\/wp\/v2\/posts\/6073","targetHints":{"allow":["GET"]}}],"collection":[{"href":"https:\/\/nebraskademocrats.org\/vi\/wp-json\/wp\/v2\/posts"}],"about":[{"href":"https:\/\/nebraskademocrats.org\/vi\/wp-json\/wp\/v2\/types\/post"}],"author":[{"embeddable":true,"href":"https:\/\/nebraskademocrats.org\/vi\/wp-json\/wp\/v2\/users\/19"}],"replies":[{"embeddable":true,"href":"https:\/\/nebraskademocrats.org\/vi\/wp-json\/wp\/v2\/comments?post=6073"}],"version-history":[{"count":0,"href":"https:\/\/nebraskademocrats.org\/vi\/wp-json\/wp\/v2\/posts\/6073\/revisions"}],"wp:attachment":[{"href":"https:\/\/nebraskademocrats.org\/vi\/wp-json\/wp\/v2\/media?parent=6073"}],"wp:term":[{"taxonomy":"category","embeddable":true,"href":"https:\/\/nebraskademocrats.org\/vi\/wp-json\/wp\/v2\/categories?post=6073"},{"taxonomy":"post_tag","embeddable":true,"href":"https:\/\/nebraskademocrats.org\/vi\/wp-json\/wp\/v2\/tags?post=6073"}],"curies":[{"name":"wp","href":"https:\/\/api.w.org\/{rel}","templated":true}]}}