{"id":6380,"date":"2018-09-24T10:06:38","date_gmt":"2018-09-24T15:06:38","guid":{"rendered":"https:\/\/nebraskadem.wpenginepowered.com\/?p=6380"},"modified":"2018-09-24T10:06:38","modified_gmt":"2018-09-24T15:06:38","slug":"ndp-chair-jane-kleeb-calls-on-members-of-nebraskas-congressional-delegation-to-let-voters-know-where-they-stand-on-kavanaugh-nomination-in-light-of-second-allegation-of-sexual-misconduct","status":"publish","type":"post","link":"https:\/\/nebraskademocrats.org\/vi\/press-releases\/ndp-chair-jane-kleeb-calls-on-members-of-nebraskas-congressional-delegation-to-let-voters-know-where-they-stand-on-kavanaugh-nomination-in-light-of-second-allegation-of-sexual-misconduct\/","title":{"rendered":"Ch\u1ee7 t\u1ecbch NDP Jane Kleeb k\u00eau g\u1ecdi c\u00e1c th\u00e0nh vi\u00ean trong Ph\u00e1i \u0111o\u00e0n Qu\u1ed1c h\u1ed9i c\u1ee7a Nebraska cho c\u1eed tri bi\u1ebft quan \u0111i\u1ec3m c\u1ee7a h\u1ecd v\u1ec1 vi\u1ec7c \u0111\u1ec1 c\u1eed Kavanaugh tr\u01b0\u1edbc c\u00e1o bu\u1ed9c th\u1ee9 hai v\u1ec1 h\u00e0nh vi sai tr\u00e1i t\u00ecnh d\u1ee5c"},"content":{"rendered":"<p><span style=\"font-weight: 400;\">Nebraska Democratic Party Chair Jane Kleeb challenged members of Nebraska\u2019s congressional delegation Monday to let Nebraskans know where they stand on Judge Brett Kavanaugh\u2019s nomination to the Supreme Court in light of a second allegation charging him with sexual misconduct.<\/span><\/p>\n<p><a href=\"https:\/\/www.newyorker.com\/news\/news-desk\/senate-democrats-investigate-a-new-allegation-of-sexual-misconduct-from-the-supreme-court-nominee-brett-kavanaughs-college-years-deborah-ramirez\"><span style=\"font-weight: 400;\">The New Yorker magazine reported<\/span><\/a><span style=\"font-weight: 400;\"> c\u00e1i \u0111\u00f3 <\/span><span style=\"font-weight: 400;\">second woman, Deborah Ramirez, came forward to accuse Kavanaugh of a decades-old sexual assault on Sunday &#8212; the same day his first accuser, Christine Blasey Ford, committed to testifying about her own allegations against him before the Senate Judiciary Committee on Thursday. <\/span><\/p>\n<p><span style=\"font-weight: 400;\">Ramirez said that Kavanaugh exposed himself to her at a party when they were both freshmen at Yale University. \u00a0Ford alleges that Kavanaugh held her down and tried to remove her clothes at a party when they were both in high school.<\/span><\/p>\n<p><span style=\"font-weight: 400;\">\u201c<\/span><span style=\"font-weight: 400;\">It is past time for Nebraska&#8217;s members of Congress to say if they continue to stand with Kavanaugh,\u201d Kleeb said. \u201cAs a woman and mom, I ask that you take Dr. Ford seriously when she testifies Thursday and also seriously consider the latest allegation revealed Sunday.<\/span><\/p>\n<p><span style=\"font-weight: 400;\">\u201cWe are at a point in our country\u2019s history where women are demanding equal footing in the workplace and in politics. For too long we have been second-guessed, slapped on the backside, and not been taken seriously,\u201d Kleeb said. \u201cBelieving women\u2019s stories of sexual harassment and rape in order for full investigations is one step. Full equality is what we demand.<\/span><\/p>\n<p><span style=\"font-weight: 400;\">\u201cSo where do you stand Deb Fischer and Ben Sasse? Where do you stand Don Bacon, Adrian Smith and Jeff Fortenberry?\u201d Kleeb said. \u201cNebraskans deserve to know. Silence is not an option.&#8221;<\/span><\/p>\n<p style=\"text-align: center;\"><span style=\"font-weight: 400;\">###<\/span><\/p>","protected":false},"excerpt":{"rendered":"<p>Nebraska Democratic Party Chair Jane Kleeb challenged members of Nebraska\u2019s congressional delegation Monday to let Nebraskans know where they stand on Judge Brett Kavanaugh\u2019s nomination to the Supreme Court in light of a second allegation charging him with sexual misconduct. The New Yorker magazine reported that second woman, Deborah Ramirez, came forward to accuse Kavanaugh &#8230; <a title=\"Ch\u1ee7 t\u1ecbch NDP Jane Kleeb k\u00eau g\u1ecdi c\u00e1c th\u00e0nh vi\u00ean trong Ph\u00e1i \u0111o\u00e0n Qu\u1ed1c h\u1ed9i c\u1ee7a Nebraska cho c\u1eed tri bi\u1ebft quan \u0111i\u1ec3m c\u1ee7a h\u1ecd v\u1ec1 vi\u1ec7c \u0111\u1ec1 c\u1eed Kavanaugh tr\u01b0\u1edbc c\u00e1o bu\u1ed9c th\u1ee9 hai v\u1ec1 h\u00e0nh vi sai tr\u00e1i t\u00ecnh d\u1ee5c\" class=\"read-more\" href=\"https:\/\/nebraskademocrats.org\/vi\/press-releases\/ndp-chair-jane-kleeb-calls-on-members-of-nebraskas-congressional-delegation-to-let-voters-know-where-they-stand-on-kavanaugh-nomination-in-light-of-second-allegation-of-sexual-misconduct\/\" aria-label=\"More on NDP Chair Jane Kleeb Calls on Members of Nebraska\u2019s Congressional Delegation to Let Voters Know Where They Stand on Kavanaugh Nomination in Light of Second Allegation of Sexual Misconduct\">\u0110\u1ecdc th\u00eam<\/a><\/p>","protected":false},"author":19,"featured_media":0,"comment_status":"closed","ping_status":"closed","sticky":false,"template":"","format":"standard","meta":{"_acf_changed":false,"_exactmetrics_skip_tracking":false,"_exactmetrics_sitenote_active":false,"_exactmetrics_sitenote_note":"","_exactmetrics_sitenote_category":0,"footnotes":""},"categories":[4],"tags":[],"class_list":["post-6380","post","type-post","status-publish","format-standard","hentry","category-press-releases"],"acf":[],"yoast_head":"<!-- This site is optimized with the Yoast SEO plugin v27.4 - https:\/\/yoast.com\/product\/yoast-seo-wordpress\/ -->\n<title>NDP Chair Jane Kleeb Calls on Members of Nebraska\u2019s Congressional Delegation to Let Voters Know Where They Stand on Kavanaugh Nomination in Light of Second Allegation of Sexual Misconduct &#8211; Nebraska Democratic Party<\/title>\n<meta name=\"robots\" content=\"index, follow, max-snippet:-1, max-image-preview:large, max-video-preview:-1\" \/>\n<link rel=\"canonical\" href=\"https:\/\/nebraskademocrats.org\/vi\/press-releases\/ndp-chair-jane-kleeb-calls-on-members-of-nebraskas-congressional-delegation-to-let-voters-know-where-they-stand-on-kavanaugh-nomination-in-light-of-second-allegation-of-sexual-misconduct\/\" \/>\n<meta property=\"og:locale\" content=\"vi_VN\" \/>\n<meta property=\"og:type\" content=\"article\" \/>\n<meta property=\"og:title\" content=\"NDP Chair Jane Kleeb Calls on Members of Nebraska\u2019s Congressional Delegation to Let Voters Know Where They Stand on Kavanaugh Nomination in Light of Second Allegation of Sexual Misconduct &#8211; Nebraska Democratic Party\" \/>\n<meta property=\"og:description\" content=\"Nebraska Democratic Party Chair Jane Kleeb challenged members of Nebraska\u2019s congressional delegation Monday to let Nebraskans know where they stand on Judge Brett Kavanaugh\u2019s nomination to the Supreme Court in light of a second allegation charging him with sexual misconduct. The New Yorker magazine reported that second woman, Deborah Ramirez, came forward to accuse Kavanaugh ... Read more\" \/>\n<meta property=\"og:url\" content=\"https:\/\/nebraskademocrats.org\/vi\/press-releases\/ndp-chair-jane-kleeb-calls-on-members-of-nebraskas-congressional-delegation-to-let-voters-know-where-they-stand-on-kavanaugh-nomination-in-light-of-second-allegation-of-sexual-misconduct\/\" \/>\n<meta property=\"og:site_name\" content=\"Nebraska Democratic Party\" \/>\n<meta property=\"article:publisher\" content=\"https:\/\/www.facebook.com\/NebraskaDemocraticParty\/\" \/>\n<meta property=\"article:published_time\" content=\"2018-09-24T15:06:38+00:00\" \/>\n<meta property=\"og:image\" content=\"https:\/\/nebraskademocrats.org\/wp-content\/uploads\/2018\/09\/ne-dems-fb.jpg\" \/>\n\t<meta property=\"og:image:width\" content=\"1200\" \/>\n\t<meta property=\"og:image:height\" content=\"630\" \/>\n\t<meta property=\"og:image:type\" content=\"image\/jpeg\" \/>\n<meta name=\"author\" content=\"Precious McKesson\" \/>\n<meta name=\"twitter:card\" content=\"summary_large_image\" \/>\n<meta name=\"twitter:creator\" content=\"@nebraskadems\" \/>\n<meta name=\"twitter:site\" content=\"@nebraskadems\" \/>\n<meta name=\"twitter:label1\" content=\"\u0110\u01b0\u1ee3c vi\u1ebft b\u1edfi\" \/>\n\t<meta name=\"twitter:data1\" content=\"Precious McKesson\" \/>\n\t<meta name=\"twitter:label2\" content=\"\u01af\u1edbc t\u00ednh th\u1eddi gian \u0111\u1ecdc\" \/>\n\t<meta name=\"twitter:data2\" content=\"1 ph\u00fat\" \/>\n<script type=\"application\/ld+json\" class=\"yoast-schema-graph\">{\"@context\":\"https:\\\/\\\/schema.org\",\"@graph\":[{\"@type\":\"Article\",\"@id\":\"https:\\\/\\\/nebraskademocrats.org\\\/press-releases\\\/ndp-chair-jane-kleeb-calls-on-members-of-nebraskas-congressional-delegation-to-let-voters-know-where-they-stand-on-kavanaugh-nomination-in-light-of-second-allegation-of-sexual-misconduct\\\/#article\",\"isPartOf\":{\"@id\":\"https:\\\/\\\/nebraskademocrats.org\\\/press-releases\\\/ndp-chair-jane-kleeb-calls-on-members-of-nebraskas-congressional-delegation-to-let-voters-know-where-they-stand-on-kavanaugh-nomination-in-light-of-second-allegation-of-sexual-misconduct\\\/\"},\"author\":{\"name\":\"Precious McKesson\",\"@id\":\"https:\\\/\\\/nebraskademocrats.org\\\/#\\\/schema\\\/person\\\/33e011ea0795f404810dc40828bcf289\"},\"headline\":\"NDP Chair Jane Kleeb Calls on Members of Nebraska\u2019s Congressional Delegation to Let Voters Know Where They Stand on Kavanaugh Nomination in Light of Second Allegation of Sexual Misconduct\",\"datePublished\":\"2018-09-24T15:06:38+00:00\",\"mainEntityOfPage\":{\"@id\":\"https:\\\/\\\/nebraskademocrats.org\\\/press-releases\\\/ndp-chair-jane-kleeb-calls-on-members-of-nebraskas-congressional-delegation-to-let-voters-know-where-they-stand-on-kavanaugh-nomination-in-light-of-second-allegation-of-sexual-misconduct\\\/\"},\"wordCount\":304,\"publisher\":{\"@id\":\"https:\\\/\\\/nebraskademocrats.org\\\/#organization\"},\"articleSection\":[\"Press Releases\"],\"inLanguage\":\"vi\"},{\"@type\":\"WebPage\",\"@id\":\"https:\\\/\\\/nebraskademocrats.org\\\/press-releases\\\/ndp-chair-jane-kleeb-calls-on-members-of-nebraskas-congressional-delegation-to-let-voters-know-where-they-stand-on-kavanaugh-nomination-in-light-of-second-allegation-of-sexual-misconduct\\\/\",\"url\":\"https:\\\/\\\/nebraskademocrats.org\\\/press-releases\\\/ndp-chair-jane-kleeb-calls-on-members-of-nebraskas-congressional-delegation-to-let-voters-know-where-they-stand-on-kavanaugh-nomination-in-light-of-second-allegation-of-sexual-misconduct\\\/\",\"name\":\"NDP Chair Jane Kleeb Calls on Members of Nebraska\u2019s Congressional Delegation to Let Voters Know Where They Stand on Kavanaugh Nomination in Light of Second Allegation of Sexual Misconduct &#8211; Nebraska Democratic Party\",\"isPartOf\":{\"@id\":\"https:\\\/\\\/nebraskademocrats.org\\\/#website\"},\"datePublished\":\"2018-09-24T15:06:38+00:00\",\"breadcrumb\":{\"@id\":\"https:\\\/\\\/nebraskademocrats.org\\\/press-releases\\\/ndp-chair-jane-kleeb-calls-on-members-of-nebraskas-congressional-delegation-to-let-voters-know-where-they-stand-on-kavanaugh-nomination-in-light-of-second-allegation-of-sexual-misconduct\\\/#breadcrumb\"},\"inLanguage\":\"vi\",\"potentialAction\":[{\"@type\":\"ReadAction\",\"target\":[\"https:\\\/\\\/nebraskademocrats.org\\\/press-releases\\\/ndp-chair-jane-kleeb-calls-on-members-of-nebraskas-congressional-delegation-to-let-voters-know-where-they-stand-on-kavanaugh-nomination-in-light-of-second-allegation-of-sexual-misconduct\\\/\"]}]},{\"@type\":\"BreadcrumbList\",\"@id\":\"https:\\\/\\\/nebraskademocrats.org\\\/press-releases\\\/ndp-chair-jane-kleeb-calls-on-members-of-nebraskas-congressional-delegation-to-let-voters-know-where-they-stand-on-kavanaugh-nomination-in-light-of-second-allegation-of-sexual-misconduct\\\/#breadcrumb\",\"itemListElement\":[{\"@type\":\"ListItem\",\"position\":1,\"name\":\"Home\",\"item\":\"https:\\\/\\\/nebraskademocrats.org\\\/\"},{\"@type\":\"ListItem\",\"position\":2,\"name\":\"NDP Chair Jane Kleeb Calls on Members of Nebraska\u2019s Congressional Delegation to Let Voters Know Where They Stand on Kavanaugh Nomination in Light of Second Allegation of Sexual Misconduct\"}]},{\"@type\":\"WebSite\",\"@id\":\"https:\\\/\\\/nebraskademocrats.org\\\/#website\",\"url\":\"https:\\\/\\\/nebraskademocrats.org\\\/\",\"name\":\"Nebraska Democratic Party\",\"description\":\"Growing the Good Life for All Nebraskans\",\"publisher\":{\"@id\":\"https:\\\/\\\/nebraskademocrats.org\\\/#organization\"},\"potentialAction\":[{\"@type\":\"SearchAction\",\"target\":{\"@type\":\"EntryPoint\",\"urlTemplate\":\"https:\\\/\\\/nebraskademocrats.org\\\/?s={search_term_string}\"},\"query-input\":{\"@type\":\"PropertyValueSpecification\",\"valueRequired\":true,\"valueName\":\"search_term_string\"}}],\"inLanguage\":\"vi\"},{\"@type\":\"Organization\",\"@id\":\"https:\\\/\\\/nebraskademocrats.org\\\/#organization\",\"name\":\"Nebraska Democratic Party\",\"url\":\"https:\\\/\\\/nebraskademocrats.org\\\/\",\"logo\":{\"@type\":\"ImageObject\",\"inLanguage\":\"vi\",\"@id\":\"https:\\\/\\\/nebraskademocrats.org\\\/#\\\/schema\\\/logo\\\/image\\\/\",\"url\":\"https:\\\/\\\/nebraskadem.wpenginepowered.com\\\/wp-content\\\/uploads\\\/2016\\\/05\\\/NDP2.jpg\",\"contentUrl\":\"https:\\\/\\\/nebraskadem.wpenginepowered.com\\\/wp-content\\\/uploads\\\/2016\\\/05\\\/NDP2.jpg\",\"width\":1000,\"height\":396,\"caption\":\"Nebraska Democratic Party\"},\"image\":{\"@id\":\"https:\\\/\\\/nebraskademocrats.org\\\/#\\\/schema\\\/logo\\\/image\\\/\"},\"sameAs\":[\"https:\\\/\\\/www.facebook.com\\\/NebraskaDemocraticParty\\\/\",\"https:\\\/\\\/x.com\\\/nebraskadems\"]},{\"@type\":\"Person\",\"@id\":\"https:\\\/\\\/nebraskademocrats.org\\\/#\\\/schema\\\/person\\\/33e011ea0795f404810dc40828bcf289\",\"name\":\"Precious McKesson\",\"image\":{\"@type\":\"ImageObject\",\"inLanguage\":\"vi\",\"@id\":\"https:\\\/\\\/secure.gravatar.com\\\/avatar\\\/35046e19b3373116ec64c07d386d3312028d3820dc0ffe65c344bcebc8ea9194?s=96&d=mm&r=g\",\"url\":\"https:\\\/\\\/secure.gravatar.com\\\/avatar\\\/35046e19b3373116ec64c07d386d3312028d3820dc0ffe65c344bcebc8ea9194?s=96&d=mm&r=g\",\"contentUrl\":\"https:\\\/\\\/secure.gravatar.com\\\/avatar\\\/35046e19b3373116ec64c07d386d3312028d3820dc0ffe65c344bcebc8ea9194?s=96&d=mm&r=g\",\"caption\":\"Precious McKesson\"}}]}<\/script>\n<!-- \/ Yoast SEO plugin. -->","yoast_head_json":{"title":"NDP Chair Jane Kleeb Calls on Members of Nebraska\u2019s Congressional Delegation to Let Voters Know Where They Stand on Kavanaugh Nomination in Light of Second Allegation of Sexual Misconduct &#8211; Nebraska Democratic Party","robots":{"index":"index","follow":"follow","max-snippet":"max-snippet:-1","max-image-preview":"max-image-preview:large","max-video-preview":"max-video-preview:-1"},"canonical":"https:\/\/nebraskademocrats.org\/vi\/press-releases\/ndp-chair-jane-kleeb-calls-on-members-of-nebraskas-congressional-delegation-to-let-voters-know-where-they-stand-on-kavanaugh-nomination-in-light-of-second-allegation-of-sexual-misconduct\/","og_locale":"vi_VN","og_type":"article","og_title":"NDP Chair Jane Kleeb Calls on Members of Nebraska\u2019s Congressional Delegation to Let Voters Know Where They Stand on Kavanaugh Nomination in Light of Second Allegation of Sexual Misconduct &#8211; Nebraska Democratic Party","og_description":"Nebraska Democratic Party Chair Jane Kleeb challenged members of Nebraska\u2019s congressional delegation Monday to let Nebraskans know where they stand on Judge Brett Kavanaugh\u2019s nomination to the Supreme Court in light of a second allegation charging him with sexual misconduct. The New Yorker magazine reported that second woman, Deborah Ramirez, came forward to accuse Kavanaugh ... Read more","og_url":"https:\/\/nebraskademocrats.org\/vi\/press-releases\/ndp-chair-jane-kleeb-calls-on-members-of-nebraskas-congressional-delegation-to-let-voters-know-where-they-stand-on-kavanaugh-nomination-in-light-of-second-allegation-of-sexual-misconduct\/","og_site_name":"Nebraska Democratic Party","article_publisher":"https:\/\/www.facebook.com\/NebraskaDemocraticParty\/","article_published_time":"2018-09-24T15:06:38+00:00","og_image":[{"width":1200,"height":630,"url":"https:\/\/nebraskademocrats.org\/wp-content\/uploads\/2018\/09\/ne-dems-fb.jpg","type":"image\/jpeg"}],"author":"Precious McKesson","twitter_card":"summary_large_image","twitter_creator":"@nebraskadems","twitter_site":"@nebraskadems","twitter_misc":{"\u0110\u01b0\u1ee3c vi\u1ebft b\u1edfi":"Precious McKesson","\u01af\u1edbc t\u00ednh th\u1eddi gian \u0111\u1ecdc":"1 ph\u00fat"},"schema":{"@context":"https:\/\/schema.org","@graph":[{"@type":"Article","@id":"https:\/\/nebraskademocrats.org\/press-releases\/ndp-chair-jane-kleeb-calls-on-members-of-nebraskas-congressional-delegation-to-let-voters-know-where-they-stand-on-kavanaugh-nomination-in-light-of-second-allegation-of-sexual-misconduct\/#article","isPartOf":{"@id":"https:\/\/nebraskademocrats.org\/press-releases\/ndp-chair-jane-kleeb-calls-on-members-of-nebraskas-congressional-delegation-to-let-voters-know-where-they-stand-on-kavanaugh-nomination-in-light-of-second-allegation-of-sexual-misconduct\/"},"author":{"name":"Precious McKesson","@id":"https:\/\/nebraskademocrats.org\/#\/schema\/person\/33e011ea0795f404810dc40828bcf289"},"headline":"NDP Chair Jane Kleeb Calls on Members of Nebraska\u2019s Congressional Delegation to Let Voters Know Where They Stand on Kavanaugh Nomination in Light of Second Allegation of Sexual Misconduct","datePublished":"2018-09-24T15:06:38+00:00","mainEntityOfPage":{"@id":"https:\/\/nebraskademocrats.org\/press-releases\/ndp-chair-jane-kleeb-calls-on-members-of-nebraskas-congressional-delegation-to-let-voters-know-where-they-stand-on-kavanaugh-nomination-in-light-of-second-allegation-of-sexual-misconduct\/"},"wordCount":304,"publisher":{"@id":"https:\/\/nebraskademocrats.org\/#organization"},"articleSection":["Press Releases"],"inLanguage":"vi"},{"@type":"WebPage","@id":"https:\/\/nebraskademocrats.org\/press-releases\/ndp-chair-jane-kleeb-calls-on-members-of-nebraskas-congressional-delegation-to-let-voters-know-where-they-stand-on-kavanaugh-nomination-in-light-of-second-allegation-of-sexual-misconduct\/","url":"https:\/\/nebraskademocrats.org\/press-releases\/ndp-chair-jane-kleeb-calls-on-members-of-nebraskas-congressional-delegation-to-let-voters-know-where-they-stand-on-kavanaugh-nomination-in-light-of-second-allegation-of-sexual-misconduct\/","name":"NDP Chair Jane Kleeb Calls on Members of Nebraska\u2019s Congressional Delegation to Let Voters Know Where They Stand on Kavanaugh Nomination in Light of Second Allegation of Sexual Misconduct &#8211; Nebraska Democratic Party","isPartOf":{"@id":"https:\/\/nebraskademocrats.org\/#website"},"datePublished":"2018-09-24T15:06:38+00:00","breadcrumb":{"@id":"https:\/\/nebraskademocrats.org\/press-releases\/ndp-chair-jane-kleeb-calls-on-members-of-nebraskas-congressional-delegation-to-let-voters-know-where-they-stand-on-kavanaugh-nomination-in-light-of-second-allegation-of-sexual-misconduct\/#breadcrumb"},"inLanguage":"vi","potentialAction":[{"@type":"ReadAction","target":["https:\/\/nebraskademocrats.org\/press-releases\/ndp-chair-jane-kleeb-calls-on-members-of-nebraskas-congressional-delegation-to-let-voters-know-where-they-stand-on-kavanaugh-nomination-in-light-of-second-allegation-of-sexual-misconduct\/"]}]},{"@type":"BreadcrumbList","@id":"https:\/\/nebraskademocrats.org\/press-releases\/ndp-chair-jane-kleeb-calls-on-members-of-nebraskas-congressional-delegation-to-let-voters-know-where-they-stand-on-kavanaugh-nomination-in-light-of-second-allegation-of-sexual-misconduct\/#breadcrumb","itemListElement":[{"@type":"ListItem","position":1,"name":"Home","item":"https:\/\/nebraskademocrats.org\/"},{"@type":"ListItem","position":2,"name":"NDP Chair Jane Kleeb Calls on Members of Nebraska\u2019s Congressional Delegation to Let Voters Know Where They Stand on Kavanaugh Nomination in Light of Second Allegation of Sexual Misconduct"}]},{"@type":"WebSite","@id":"https:\/\/nebraskademocrats.org\/#website","url":"https:\/\/nebraskademocrats.org\/","name":"Nebraska Democratic Party","description":"Ph\u00e1t tri\u1ec3n cu\u1ed9c s\u1ed1ng t\u1ed1t \u0111\u1eb9p cho t\u1ea5t c\u1ea3 Nebraskans","publisher":{"@id":"https:\/\/nebraskademocrats.org\/#organization"},"potentialAction":[{"@type":"SearchAction","target":{"@type":"EntryPoint","urlTemplate":"https:\/\/nebraskademocrats.org\/?s={search_term_string}"},"query-input":{"@type":"PropertyValueSpecification","valueRequired":true,"valueName":"search_term_string"}}],"inLanguage":"vi"},{"@type":"Organization","@id":"https:\/\/nebraskademocrats.org\/#organization","name":"Nebraska Democratic Party","url":"https:\/\/nebraskademocrats.org\/","logo":{"@type":"ImageObject","inLanguage":"vi","@id":"https:\/\/nebraskademocrats.org\/#\/schema\/logo\/image\/","url":"https:\/\/nebraskadem.wpenginepowered.com\/wp-content\/uploads\/2016\/05\/NDP2.jpg","contentUrl":"https:\/\/nebraskadem.wpenginepowered.com\/wp-content\/uploads\/2016\/05\/NDP2.jpg","width":1000,"height":396,"caption":"Nebraska Democratic Party"},"image":{"@id":"https:\/\/nebraskademocrats.org\/#\/schema\/logo\/image\/"},"sameAs":["https:\/\/www.facebook.com\/NebraskaDemocraticParty\/","https:\/\/x.com\/nebraskadems"]},{"@type":"Person","@id":"https:\/\/nebraskademocrats.org\/#\/schema\/person\/33e011ea0795f404810dc40828bcf289","name":"McKesson qu\u00fd gi\u00e1","image":{"@type":"ImageObject","inLanguage":"vi","@id":"https:\/\/secure.gravatar.com\/avatar\/35046e19b3373116ec64c07d386d3312028d3820dc0ffe65c344bcebc8ea9194?s=96&d=mm&r=g","url":"https:\/\/secure.gravatar.com\/avatar\/35046e19b3373116ec64c07d386d3312028d3820dc0ffe65c344bcebc8ea9194?s=96&d=mm&r=g","contentUrl":"https:\/\/secure.gravatar.com\/avatar\/35046e19b3373116ec64c07d386d3312028d3820dc0ffe65c344bcebc8ea9194?s=96&d=mm&r=g","caption":"Precious McKesson"}}]}},"_links":{"self":[{"href":"https:\/\/nebraskademocrats.org\/vi\/wp-json\/wp\/v2\/posts\/6380","targetHints":{"allow":["GET"]}}],"collection":[{"href":"https:\/\/nebraskademocrats.org\/vi\/wp-json\/wp\/v2\/posts"}],"about":[{"href":"https:\/\/nebraskademocrats.org\/vi\/wp-json\/wp\/v2\/types\/post"}],"author":[{"embeddable":true,"href":"https:\/\/nebraskademocrats.org\/vi\/wp-json\/wp\/v2\/users\/19"}],"replies":[{"embeddable":true,"href":"https:\/\/nebraskademocrats.org\/vi\/wp-json\/wp\/v2\/comments?post=6380"}],"version-history":[{"count":0,"href":"https:\/\/nebraskademocrats.org\/vi\/wp-json\/wp\/v2\/posts\/6380\/revisions"}],"wp:attachment":[{"href":"https:\/\/nebraskademocrats.org\/vi\/wp-json\/wp\/v2\/media?parent=6380"}],"wp:term":[{"taxonomy":"category","embeddable":true,"href":"https:\/\/nebraskademocrats.org\/vi\/wp-json\/wp\/v2\/categories?post=6380"},{"taxonomy":"post_tag","embeddable":true,"href":"https:\/\/nebraskademocrats.org\/vi\/wp-json\/wp\/v2\/tags?post=6380"}],"curies":[{"name":"wp","href":"https:\/\/api.w.org\/{rel}","templated":true}]}}