{"id":6565,"date":"2018-10-17T14:05:30","date_gmt":"2018-10-17T19:05:30","guid":{"rendered":"https:\/\/nebraskadem.wpenginepowered.com\/?p=6565"},"modified":"2018-10-17T14:05:30","modified_gmt":"2018-10-17T19:05:30","slug":"nebraskas-tribes-make-historic-joint-endorsement-of-democratic-candidates","status":"publish","type":"post","link":"https:\/\/nebraskademocrats.org\/vi\/press-releases\/nebraskas-tribes-make-historic-joint-endorsement-of-democratic-candidates\/","title":{"rendered":"C\u00e1c b\u1ed9 l\u1ea1c \u1edf Nebraska \u0111\u01b0a ra s\u1ef1 \u1ee7ng h\u1ed9 chung l\u1ecbch s\u1eed cho c\u00e1c \u1ee9ng c\u1eed vi\u00ean \u0110\u1ea3ng D\u00e2n ch\u1ee7"},"content":{"rendered":"<p><span style=\"font-weight: 400;\">L\u1ea7n \u0111\u1ea7u ti\u00ean,<\/span> <span style=\"font-weight: 400;\">B\u1ed1n qu\u1ed1c gia b\u1ed9 l\u1ea1c \u1edf Nebraska \u2013 Ponca, Omaha, Santee Sioux v\u00e0 Winnebago \u2013 \u0111\u00e3 c\u00f9ng \u1ee7ng h\u1ed9 m\u1ed9t nh\u00f3m \u1ee9ng c\u1eed vi\u00ean \u0110\u1ea3ng D\u00e2n ch\u1ee7 trong cu\u1ed9c b\u1ea7u c\u1eed ng\u00e0y 6 th\u00e1ng 11.<\/span><\/p>\n<p><span style=\"font-weight: 400;\">Trong m\u1ed9t cu\u1ed9c h\u1ecdp g\u1ea7n \u0111\u00e2y t\u1ea1i Khu b\u1ea3o t\u1ed3n ng\u01b0\u1eddi da \u0111\u1ecf Winnebago, c\u00e1c b\u1ed9 l\u1ea1c \u0111\u00e3 \u0111\u1ed3ng \u00fd t\u00e1n th\u00e0nh:<\/span><\/p>\n<ul>\n<li style=\"font-weight: 400;\"><span style=\"font-weight: 400;\">Jane Raybould tranh c\u1eed v\u00e0o Th\u01b0\u1ee3ng vi\u1ec7n Hoa K\u1ef3<\/span><\/li>\n<li style=\"font-weight: 400;\"><span style=\"font-weight: 400;\">Bob Krist v\u00e0 Lynne Walz cho ch\u1ee9c Th\u1ed1ng \u0111\u1ed1c v\u00e0 Ph\u00f3 Th\u1ed1ng \u0111\u1ed1c<\/span><\/li>\n<li style=\"font-weight: 400;\"><span style=\"font-weight: 400;\">Spencer Danner tranh c\u1eed Ngo\u1ea1i tr\u01b0\u1edfng<\/span><\/li>\n<li style=\"font-weight: 400;\"><span style=\"font-weight: 400;\">Paul Theobald cho Qu\u1ed1c h\u1ed9i, Qu\u1eadn 3<\/span><\/li>\n<li style=\"font-weight: 400;\"><span style=\"font-weight: 400;\">Christa Yoakum cho \u1ee6y ban D\u1ecbch v\u1ee5 C\u00f4ng c\u1ed9ng, Qu\u1eadn 1<\/span><\/li>\n<\/ul>\n<p>&nbsp;<\/p>\n<p><span style=\"font-weight: 400;\">Mike Wolfe, ch\u1ee7 t\u1ecbch \u1ee6y ban cho bi\u1ebft: \u201cCh\u00fang t\u00f4i c\u1ea3m th\u1ea5y vi\u1ec7c h\u1ed7 tr\u1ee3 c\u00e1c \u1ee9ng c\u1eed vi\u00ean \u0110\u1ea3ng D\u00e2n ch\u1ee7 l\u00e0 v\u00ec l\u1ee3i \u00edch t\u1ed1t nh\u1ea5t c\u1ee7a ch\u00fang t\u00f4i\u201d. <\/span><span style=\"font-weight: 400;\">Qu\u1ed1c gia Omaha. \u201c<\/span><span style=\"font-weight: 400;\">Ch\u00fang t\u00f4i hi\u1ec3u r\u00f5 h\u01a1n v\u00e0 tin t\u01b0\u1edfng r\u1eb1ng h\u1ecd s\u1ebd quan t\u00e2m \u0111\u1ebfn l\u1ee3i \u00edch v\u00e0 ph\u00fac l\u1ee3i t\u1ed1t nh\u1ea5t c\u1ee7a ch\u00fang t\u00f4i cho Ng\u01b0\u1eddi b\u1ea3n x\u1ee9.\u201d<\/span><\/p>\n<p><span style=\"font-weight: 400;\">Frank LaMere, ph\u00f3 ch\u1ee7 t\u1ecbch NDP v\u00e0 l\u00e0 th\u00e0nh vi\u00ean c\u1ee7a B\u1ed9 l\u1ea1c Winnebago, ca ng\u1ee3i s\u1ef1 t\u00e1n th\u00e0nh n\u00e0y. <\/span><\/p>\n<p><span style=\"font-weight: 400;\">\u201cNebraska Democratic Party s\u00e1t c\u00e1nh c\u00f9ng c\u00e1c B\u1ed9 l\u1ea1c v\u1ec1 c\u00e1c v\u1ea5n \u0111\u1ec1 nh\u00e2n quy\u1ec1n, d\u00e2n quy\u1ec1n, ch\u0103m s\u00f3c s\u1ee9c kh\u1ecfe v\u00e0 ch\u1ee7 quy\u1ec1n. Ch\u00fang t\u00f4i \u1ee7ng h\u1ed9 n\u1ed7 l\u1ef1c c\u1ee7a c\u00e1c B\u1ed9 l\u1ea1c \u0111\u1ec3 b\u1ea3o v\u1ec7 \u0110\u1ea5t M\u1eb9. LaMere n\u00f3i: \u201cS\u1ef1 ch\u1ee9ng th\u1ef1c mang t\u00ednh l\u1ecbch s\u1eed c\u1ee7a c\u00e1c B\u1ed9 l\u1ea1c \u0111\u1ed1i v\u1edbi c\u00e1c \u1ee9ng c\u1eed vi\u00ean c\u1ee7a ch\u00fang t\u00f4i s\u1ebd khi\u1ebfn t\u1ea5t c\u1ea3 ng\u01b0\u1eddi d\u00e2n Nebraskan ph\u1ea3i ph\u1ea5n kh\u1edfi\u201d. \u201cNh\u1eefng ng\u01b0\u1eddi trong ch\u00fang ta c\u00f3 \u00edt v\u00e0 kh\u00f4ng c\u00f3 ti\u1ebfng n\u00f3i \u0111\u1ec1u c\u1ea3m th\u1ea5y \u0111au \u0111\u1edbn. \u0110\u1ea3ng C\u1ed9ng h\u00f2a trong s\u1ed1 ch\u00fang ta ti\u1ebfp t\u1ee5c b\u1ea3o v\u1ec7 hi\u1ec7n tr\u1ea1ng. N\u00f3 th\u1eadt \u0111\u01a1n gi\u1ea3n. C\u00e1c anh ch\u1ecb em b\u1ea3n x\u1ee9 c\u1ee7a t\u00f4i \u0111\u00e3 ch\u00e1n ng\u00e1n Donald Trump v\u00e0 nh\u1eefng ng\u01b0\u1eddi bi\u1ec7n h\u1ed9 cho \u00f4ng \u1ea5y. T\u1ea5t c\u1ea3 ch\u00fang ta h\u00e3y ho\u00e0n th\u00e0nh c\u00f4ng vi\u1ec7c v\u00e0 b\u1ecf phi\u1ebfu cho \u0111\u1ea3ng D\u00e2n ch\u1ee7 v\u00e0o ng\u00e0y 6 th\u00e1ng 11!\u201d<\/span><\/p>\n<p><span style=\"font-weight: 400;\">Chandra Walker, ch\u1ee7 t\u1ecbch nh\u00f3m b\u1ea3n \u0111\u1ecba c\u1ee7a NDP, cho bi\u1ebft c\u00f4 \u0111\u00e3 g\u1eb7p t\u1eebng \u1ee9ng c\u1eed vi\u00ean.<\/span><\/p>\n<p><span style=\"font-weight: 400;\">C\u00f4 n\u00f3i: \u201cT\u00f4i \u0111\u00e3 chia s\u1ebb ki\u1ebfn th\u1ee9c v\u0103n h\u00f3a v\u00e0 m\u1ed1i quan t\u00e2m c\u1ee7a ng\u01b0\u1eddi M\u1ef9 b\u1ea3n \u0111\u1ecba \u1edf Nebraska. \u201cC\u00e1c \u1ee9ng c\u1eed vi\u00ean c\u1ee7a \u0110\u1ea3ng D\u00e2n ch\u1ee7 s\u1ebd ti\u1ebfp t\u1ee5c l\u00e0m vi\u1ec7c v\u1edbi c\u00e1c B\u1ed9 l\u1ea1c v\u00e0 c\u1ed9ng \u0111\u1ed3ng B\u1ed9 l\u1ea1c c\u1ee7a ch\u00fang ta \u0111\u1ec3 c\u1ea3i thi\u1ec7n m\u1ed1i quan h\u1ec7 c\u1ee7a ch\u00fang ta v\u00e0 ti\u1ebfn l\u00ean ph\u00eda tr\u01b0\u1edbc v\u1edbi nh\u1eefng \u00fd t\u01b0\u1edfng \u0111\u01b0\u1ee3c chia s\u1ebb. H\u00e3y ra ngo\u00e0i v\u00e0 b\u1ecf phi\u1ebfu v\u00e0o ng\u00e0y 6 th\u00e1ng 11 n\u00e0y.\u201d<\/span><\/p>\n<p><span style=\"font-weight: 400;\">N\u00f3i<\/span><span style=\"font-weight: 400;\"> Ch\u1ee7 t\u1ecbch Nebraska Democratic Party Jane Kleeb: \u201cNebraska Democratic Party s\u00e1t c\u00e1nh c\u00f9ng c\u00e1c Qu\u1ed1c gia B\u1ed9 l\u1ea1c \u1edf bang c\u1ee7a ch\u00fang t\u00f4i. Quy\u1ec1n ch\u1ee7 quy\u1ec1n c\u1ee7a ng\u01b0\u1eddi M\u1ef9 b\u1ea3n \u0111\u1ecba ph\u1ea3i \u0111\u01b0\u1ee3c b\u1ea3o v\u1ec7.<\/span><\/p>\n<p><span style=\"font-weight: 400;\">Kleeb n\u00f3i: \u201cNh\u1eefng s\u1ef1 ch\u1ee9ng th\u1ef1c l\u1ecbch s\u1eed n\u00e0y d\u00e0nh cho c\u00e1c \u1ee9ng c\u1eed vi\u00ean \u0110\u1ea3ng D\u00e2n ch\u1ee7 th\u1eadt khi\u00eam t\u1ed1n v\u00e0 \u0111\u1ea3ng c\u1ee7a ch\u00fang t\u00f4i \u0111ang l\u00e0m vi\u1ec7c h\u00e0ng ng\u00e0y \u0111\u1ec3 t\u00ecm ra c\u1eed tri cho nh\u1eefng \u1ee9ng c\u1eed vi\u00ean \u0111\u1ee9ng v\u1ec1 ph\u00eda ng\u01b0\u1eddi d\u00e2n\u201d.<\/span><\/p>\n<p><img fetchpriority=\"high\" decoding=\"async\" class=\"size-medium wp-image-6566 aligncenter\" src=\"https:\/\/nebraskadem.wpenginepowered.com\/wp-content\/uploads\/2018\/10\/NEDEMS_Nebraska-tribes-Endorsements_SQ-Share_V3-300x300.png\" alt=\"\" width=\"300\" height=\"300\" srcset=\"https:\/\/nebraskademocrats.org\/wp-content\/uploads\/2018\/10\/NEDEMS_Nebraska-tribes-Endorsements_SQ-Share_V3-300x300.png 300w, https:\/\/nebraskademocrats.org\/wp-content\/uploads\/2018\/10\/NEDEMS_Nebraska-tribes-Endorsements_SQ-Share_V3-150x150.png 150w, https:\/\/nebraskademocrats.org\/wp-content\/uploads\/2018\/10\/NEDEMS_Nebraska-tribes-Endorsements_SQ-Share_V3-768x767.png 768w, https:\/\/nebraskademocrats.org\/wp-content\/uploads\/2018\/10\/NEDEMS_Nebraska-tribes-Endorsements_SQ-Share_V3-1024x1024.png 1024w, https:\/\/nebraskademocrats.org\/wp-content\/uploads\/2018\/10\/NEDEMS_Nebraska-tribes-Endorsements_SQ-Share_V3.png 1081w\" sizes=\"(max-width: 300px) 100vw, 300px\" \/><\/p>\n<p>&nbsp;<\/p>\n<p style=\"text-align: center;\"><span style=\"font-weight: 400;\">###<\/span><\/p>","protected":false},"excerpt":{"rendered":"<p>For the first time, Nebraska\u2019s four tribal nations &#8212; the Ponca, the Omaha, the Santee Sioux and the Winnebago &#8212; have jointly endorsed a slate of Democratic candidates in the Nov. 6 election. In a recent meeting at the Winnebago Indian Reservation, the tribes agreed to endorse: Jane Raybould for U.S. Senate Bob Krist and &#8230; <a title=\"C\u00e1c b\u1ed9 l\u1ea1c \u1edf Nebraska \u0111\u01b0a ra s\u1ef1 \u1ee7ng h\u1ed9 chung l\u1ecbch s\u1eed cho c\u00e1c \u1ee9ng c\u1eed vi\u00ean \u0110\u1ea3ng D\u00e2n ch\u1ee7\" class=\"read-more\" href=\"https:\/\/nebraskademocrats.org\/vi\/press-releases\/nebraskas-tribes-make-historic-joint-endorsement-of-democratic-candidates\/\" aria-label=\"More on Nebraska\u2019s Tribes Make Historic Joint Endorsement of Democratic Candidates\">\u0110\u1ecdc th\u00eam<\/a><\/p>","protected":false},"author":19,"featured_media":0,"comment_status":"closed","ping_status":"closed","sticky":false,"template":"","format":"standard","meta":{"_acf_changed":false,"_exactmetrics_skip_tracking":false,"_exactmetrics_sitenote_active":false,"_exactmetrics_sitenote_note":"","_exactmetrics_sitenote_category":0,"footnotes":""},"categories":[4],"tags":[],"class_list":["post-6565","post","type-post","status-publish","format-standard","hentry","category-press-releases"],"acf":[],"yoast_head":"<!-- This site is optimized with the Yoast SEO plugin v27.4 - https:\/\/yoast.com\/product\/yoast-seo-wordpress\/ -->\n<title>Nebraska\u2019s Tribes Make Historic Joint Endorsement of Democratic Candidates &#8211; Nebraska Democratic Party<\/title>\n<meta name=\"robots\" content=\"index, follow, max-snippet:-1, max-image-preview:large, max-video-preview:-1\" \/>\n<link rel=\"canonical\" href=\"https:\/\/nebraskademocrats.org\/vi\/press-releases\/nebraskas-tribes-make-historic-joint-endorsement-of-democratic-candidates\/\" \/>\n<meta property=\"og:locale\" content=\"vi_VN\" \/>\n<meta property=\"og:type\" content=\"article\" \/>\n<meta property=\"og:title\" content=\"Nebraska\u2019s Tribes Make Historic Joint Endorsement of Democratic Candidates &#8211; Nebraska Democratic Party\" \/>\n<meta property=\"og:description\" content=\"For the first time, Nebraska\u2019s four tribal nations &#8212; the Ponca, the Omaha, the Santee Sioux and the Winnebago &#8212; have jointly endorsed a slate of Democratic candidates in the Nov. 6 election. In a recent meeting at the Winnebago Indian Reservation, the tribes agreed to endorse: Jane Raybould for U.S. Senate Bob Krist and ... Read more\" \/>\n<meta property=\"og:url\" content=\"https:\/\/nebraskademocrats.org\/vi\/press-releases\/nebraskas-tribes-make-historic-joint-endorsement-of-democratic-candidates\/\" \/>\n<meta property=\"og:site_name\" content=\"Nebraska Democratic Party\" \/>\n<meta property=\"article:publisher\" content=\"https:\/\/www.facebook.com\/NebraskaDemocraticParty\/\" \/>\n<meta property=\"article:published_time\" content=\"2018-10-17T19:05:30+00:00\" \/>\n<meta property=\"og:image\" content=\"https:\/\/nebraskadem.wpenginepowered.com\/wp-content\/uploads\/2018\/10\/NEDEMS_Nebraska-tribes-Endorsements_SQ-Share_V3-300x300.png\" \/>\n<meta name=\"author\" content=\"Precious McKesson\" \/>\n<meta name=\"twitter:card\" content=\"summary_large_image\" \/>\n<meta name=\"twitter:creator\" content=\"@nebraskadems\" \/>\n<meta name=\"twitter:site\" content=\"@nebraskadems\" \/>\n<meta name=\"twitter:label1\" content=\"\u0110\u01b0\u1ee3c vi\u1ebft b\u1edfi\" \/>\n\t<meta name=\"twitter:data1\" content=\"Precious McKesson\" \/>\n\t<meta name=\"twitter:label2\" content=\"\u01af\u1edbc t\u00ednh th\u1eddi gian \u0111\u1ecdc\" \/>\n\t<meta name=\"twitter:data2\" content=\"2 ph\u00fat\" \/>\n<script type=\"application\/ld+json\" class=\"yoast-schema-graph\">{\"@context\":\"https:\\\/\\\/schema.org\",\"@graph\":[{\"@type\":\"Article\",\"@id\":\"https:\\\/\\\/nebraskademocrats.org\\\/su\\\/press-releases\\\/nebraskas-tribes-make-historic-joint-endorsement-of-democratic-candidates\\\/#article\",\"isPartOf\":{\"@id\":\"https:\\\/\\\/nebraskademocrats.org\\\/su\\\/press-releases\\\/nebraskas-tribes-make-historic-joint-endorsement-of-democratic-candidates\\\/\"},\"author\":{\"name\":\"Precious McKesson\",\"@id\":\"https:\\\/\\\/nebraskademocrats.org\\\/#\\\/schema\\\/person\\\/33e011ea0795f404810dc40828bcf289\"},\"headline\":\"Nebraska\u2019s Tribes Make Historic Joint Endorsement of Democratic Candidates\",\"datePublished\":\"2018-10-17T19:05:30+00:00\",\"mainEntityOfPage\":{\"@id\":\"https:\\\/\\\/nebraskademocrats.org\\\/su\\\/press-releases\\\/nebraskas-tribes-make-historic-joint-endorsement-of-democratic-candidates\\\/\"},\"wordCount\":374,\"publisher\":{\"@id\":\"https:\\\/\\\/nebraskademocrats.org\\\/#organization\"},\"image\":{\"@id\":\"https:\\\/\\\/nebraskademocrats.org\\\/su\\\/press-releases\\\/nebraskas-tribes-make-historic-joint-endorsement-of-democratic-candidates\\\/#primaryimage\"},\"thumbnailUrl\":\"https:\\\/\\\/nebraskadem.wpenginepowered.com\\\/wp-content\\\/uploads\\\/2018\\\/10\\\/NEDEMS_Nebraska-tribes-Endorsements_SQ-Share_V3-300x300.png\",\"articleSection\":[\"Press Releases\"],\"inLanguage\":\"vi\"},{\"@type\":\"WebPage\",\"@id\":\"https:\\\/\\\/nebraskademocrats.org\\\/su\\\/press-releases\\\/nebraskas-tribes-make-historic-joint-endorsement-of-democratic-candidates\\\/\",\"url\":\"https:\\\/\\\/nebraskademocrats.org\\\/su\\\/press-releases\\\/nebraskas-tribes-make-historic-joint-endorsement-of-democratic-candidates\\\/\",\"name\":\"Nebraska\u2019s Tribes Make Historic Joint Endorsement of Democratic Candidates &#8211; Nebraska Democratic Party\",\"isPartOf\":{\"@id\":\"https:\\\/\\\/nebraskademocrats.org\\\/#website\"},\"primaryImageOfPage\":{\"@id\":\"https:\\\/\\\/nebraskademocrats.org\\\/su\\\/press-releases\\\/nebraskas-tribes-make-historic-joint-endorsement-of-democratic-candidates\\\/#primaryimage\"},\"image\":{\"@id\":\"https:\\\/\\\/nebraskademocrats.org\\\/su\\\/press-releases\\\/nebraskas-tribes-make-historic-joint-endorsement-of-democratic-candidates\\\/#primaryimage\"},\"thumbnailUrl\":\"https:\\\/\\\/nebraskadem.wpenginepowered.com\\\/wp-content\\\/uploads\\\/2018\\\/10\\\/NEDEMS_Nebraska-tribes-Endorsements_SQ-Share_V3-300x300.png\",\"datePublished\":\"2018-10-17T19:05:30+00:00\",\"breadcrumb\":{\"@id\":\"https:\\\/\\\/nebraskademocrats.org\\\/su\\\/press-releases\\\/nebraskas-tribes-make-historic-joint-endorsement-of-democratic-candidates\\\/#breadcrumb\"},\"inLanguage\":\"vi\",\"potentialAction\":[{\"@type\":\"ReadAction\",\"target\":[\"https:\\\/\\\/nebraskademocrats.org\\\/su\\\/press-releases\\\/nebraskas-tribes-make-historic-joint-endorsement-of-democratic-candidates\\\/\"]}]},{\"@type\":\"ImageObject\",\"inLanguage\":\"vi\",\"@id\":\"https:\\\/\\\/nebraskademocrats.org\\\/su\\\/press-releases\\\/nebraskas-tribes-make-historic-joint-endorsement-of-democratic-candidates\\\/#primaryimage\",\"url\":\"https:\\\/\\\/nebraskadem.wpenginepowered.com\\\/wp-content\\\/uploads\\\/2018\\\/10\\\/NEDEMS_Nebraska-tribes-Endorsements_SQ-Share_V3-300x300.png\",\"contentUrl\":\"https:\\\/\\\/nebraskadem.wpenginepowered.com\\\/wp-content\\\/uploads\\\/2018\\\/10\\\/NEDEMS_Nebraska-tribes-Endorsements_SQ-Share_V3-300x300.png\"},{\"@type\":\"BreadcrumbList\",\"@id\":\"https:\\\/\\\/nebraskademocrats.org\\\/su\\\/press-releases\\\/nebraskas-tribes-make-historic-joint-endorsement-of-democratic-candidates\\\/#breadcrumb\",\"itemListElement\":[{\"@type\":\"ListItem\",\"position\":1,\"name\":\"Home\",\"item\":\"https:\\\/\\\/nebraskademocrats.org\\\/\"},{\"@type\":\"ListItem\",\"position\":2,\"name\":\"Nebraska\u2019s Tribes Make Historic Joint Endorsement of Democratic Candidates\"}]},{\"@type\":\"WebSite\",\"@id\":\"https:\\\/\\\/nebraskademocrats.org\\\/#website\",\"url\":\"https:\\\/\\\/nebraskademocrats.org\\\/\",\"name\":\"Nebraska Democratic Party\",\"description\":\"Growing the Good Life for All Nebraskans\",\"publisher\":{\"@id\":\"https:\\\/\\\/nebraskademocrats.org\\\/#organization\"},\"potentialAction\":[{\"@type\":\"SearchAction\",\"target\":{\"@type\":\"EntryPoint\",\"urlTemplate\":\"https:\\\/\\\/nebraskademocrats.org\\\/?s={search_term_string}\"},\"query-input\":{\"@type\":\"PropertyValueSpecification\",\"valueRequired\":true,\"valueName\":\"search_term_string\"}}],\"inLanguage\":\"vi\"},{\"@type\":\"Organization\",\"@id\":\"https:\\\/\\\/nebraskademocrats.org\\\/#organization\",\"name\":\"Nebraska Democratic Party\",\"url\":\"https:\\\/\\\/nebraskademocrats.org\\\/\",\"logo\":{\"@type\":\"ImageObject\",\"inLanguage\":\"vi\",\"@id\":\"https:\\\/\\\/nebraskademocrats.org\\\/#\\\/schema\\\/logo\\\/image\\\/\",\"url\":\"https:\\\/\\\/nebraskadem.wpenginepowered.com\\\/wp-content\\\/uploads\\\/2016\\\/05\\\/NDP2.jpg\",\"contentUrl\":\"https:\\\/\\\/nebraskadem.wpenginepowered.com\\\/wp-content\\\/uploads\\\/2016\\\/05\\\/NDP2.jpg\",\"width\":1000,\"height\":396,\"caption\":\"Nebraska Democratic Party\"},\"image\":{\"@id\":\"https:\\\/\\\/nebraskademocrats.org\\\/#\\\/schema\\\/logo\\\/image\\\/\"},\"sameAs\":[\"https:\\\/\\\/www.facebook.com\\\/NebraskaDemocraticParty\\\/\",\"https:\\\/\\\/x.com\\\/nebraskadems\"]},{\"@type\":\"Person\",\"@id\":\"https:\\\/\\\/nebraskademocrats.org\\\/#\\\/schema\\\/person\\\/33e011ea0795f404810dc40828bcf289\",\"name\":\"Precious McKesson\",\"image\":{\"@type\":\"ImageObject\",\"inLanguage\":\"vi\",\"@id\":\"https:\\\/\\\/secure.gravatar.com\\\/avatar\\\/35046e19b3373116ec64c07d386d3312028d3820dc0ffe65c344bcebc8ea9194?s=96&d=mm&r=g\",\"url\":\"https:\\\/\\\/secure.gravatar.com\\\/avatar\\\/35046e19b3373116ec64c07d386d3312028d3820dc0ffe65c344bcebc8ea9194?s=96&d=mm&r=g\",\"contentUrl\":\"https:\\\/\\\/secure.gravatar.com\\\/avatar\\\/35046e19b3373116ec64c07d386d3312028d3820dc0ffe65c344bcebc8ea9194?s=96&d=mm&r=g\",\"caption\":\"Precious McKesson\"}}]}<\/script>\n<!-- \/ Yoast SEO plugin. -->","yoast_head_json":{"title":"Nebraska\u2019s Tribes Make Historic Joint Endorsement of Democratic Candidates &#8211; Nebraska Democratic Party","robots":{"index":"index","follow":"follow","max-snippet":"max-snippet:-1","max-image-preview":"max-image-preview:large","max-video-preview":"max-video-preview:-1"},"canonical":"https:\/\/nebraskademocrats.org\/vi\/press-releases\/nebraskas-tribes-make-historic-joint-endorsement-of-democratic-candidates\/","og_locale":"vi_VN","og_type":"article","og_title":"Nebraska\u2019s Tribes Make Historic Joint Endorsement of Democratic Candidates &#8211; Nebraska Democratic Party","og_description":"For the first time, Nebraska\u2019s four tribal nations &#8212; the Ponca, the Omaha, the Santee Sioux and the Winnebago &#8212; have jointly endorsed a slate of Democratic candidates in the Nov. 6 election. In a recent meeting at the Winnebago Indian Reservation, the tribes agreed to endorse: Jane Raybould for U.S. Senate Bob Krist and ... Read more","og_url":"https:\/\/nebraskademocrats.org\/vi\/press-releases\/nebraskas-tribes-make-historic-joint-endorsement-of-democratic-candidates\/","og_site_name":"Nebraska Democratic Party","article_publisher":"https:\/\/www.facebook.com\/NebraskaDemocraticParty\/","article_published_time":"2018-10-17T19:05:30+00:00","og_image":[{"url":"https:\/\/nebraskadem.wpenginepowered.com\/wp-content\/uploads\/2018\/10\/NEDEMS_Nebraska-tribes-Endorsements_SQ-Share_V3-300x300.png","type":"","width":"","height":""}],"author":"Precious McKesson","twitter_card":"summary_large_image","twitter_creator":"@nebraskadems","twitter_site":"@nebraskadems","twitter_misc":{"\u0110\u01b0\u1ee3c vi\u1ebft b\u1edfi":"Precious McKesson","\u01af\u1edbc t\u00ednh th\u1eddi gian \u0111\u1ecdc":"2 ph\u00fat"},"schema":{"@context":"https:\/\/schema.org","@graph":[{"@type":"Article","@id":"https:\/\/nebraskademocrats.org\/su\/press-releases\/nebraskas-tribes-make-historic-joint-endorsement-of-democratic-candidates\/#article","isPartOf":{"@id":"https:\/\/nebraskademocrats.org\/su\/press-releases\/nebraskas-tribes-make-historic-joint-endorsement-of-democratic-candidates\/"},"author":{"name":"Precious McKesson","@id":"https:\/\/nebraskademocrats.org\/#\/schema\/person\/33e011ea0795f404810dc40828bcf289"},"headline":"Nebraska\u2019s Tribes Make Historic Joint Endorsement of Democratic Candidates","datePublished":"2018-10-17T19:05:30+00:00","mainEntityOfPage":{"@id":"https:\/\/nebraskademocrats.org\/su\/press-releases\/nebraskas-tribes-make-historic-joint-endorsement-of-democratic-candidates\/"},"wordCount":374,"publisher":{"@id":"https:\/\/nebraskademocrats.org\/#organization"},"image":{"@id":"https:\/\/nebraskademocrats.org\/su\/press-releases\/nebraskas-tribes-make-historic-joint-endorsement-of-democratic-candidates\/#primaryimage"},"thumbnailUrl":"https:\/\/nebraskadem.wpenginepowered.com\/wp-content\/uploads\/2018\/10\/NEDEMS_Nebraska-tribes-Endorsements_SQ-Share_V3-300x300.png","articleSection":["Press Releases"],"inLanguage":"vi"},{"@type":"WebPage","@id":"https:\/\/nebraskademocrats.org\/su\/press-releases\/nebraskas-tribes-make-historic-joint-endorsement-of-democratic-candidates\/","url":"https:\/\/nebraskademocrats.org\/su\/press-releases\/nebraskas-tribes-make-historic-joint-endorsement-of-democratic-candidates\/","name":"Nebraska\u2019s Tribes Make Historic Joint Endorsement of Democratic Candidates &#8211; Nebraska Democratic Party","isPartOf":{"@id":"https:\/\/nebraskademocrats.org\/#website"},"primaryImageOfPage":{"@id":"https:\/\/nebraskademocrats.org\/su\/press-releases\/nebraskas-tribes-make-historic-joint-endorsement-of-democratic-candidates\/#primaryimage"},"image":{"@id":"https:\/\/nebraskademocrats.org\/su\/press-releases\/nebraskas-tribes-make-historic-joint-endorsement-of-democratic-candidates\/#primaryimage"},"thumbnailUrl":"https:\/\/nebraskadem.wpenginepowered.com\/wp-content\/uploads\/2018\/10\/NEDEMS_Nebraska-tribes-Endorsements_SQ-Share_V3-300x300.png","datePublished":"2018-10-17T19:05:30+00:00","breadcrumb":{"@id":"https:\/\/nebraskademocrats.org\/su\/press-releases\/nebraskas-tribes-make-historic-joint-endorsement-of-democratic-candidates\/#breadcrumb"},"inLanguage":"vi","potentialAction":[{"@type":"ReadAction","target":["https:\/\/nebraskademocrats.org\/su\/press-releases\/nebraskas-tribes-make-historic-joint-endorsement-of-democratic-candidates\/"]}]},{"@type":"ImageObject","inLanguage":"vi","@id":"https:\/\/nebraskademocrats.org\/su\/press-releases\/nebraskas-tribes-make-historic-joint-endorsement-of-democratic-candidates\/#primaryimage","url":"https:\/\/nebraskadem.wpenginepowered.com\/wp-content\/uploads\/2018\/10\/NEDEMS_Nebraska-tribes-Endorsements_SQ-Share_V3-300x300.png","contentUrl":"https:\/\/nebraskadem.wpenginepowered.com\/wp-content\/uploads\/2018\/10\/NEDEMS_Nebraska-tribes-Endorsements_SQ-Share_V3-300x300.png"},{"@type":"BreadcrumbList","@id":"https:\/\/nebraskademocrats.org\/su\/press-releases\/nebraskas-tribes-make-historic-joint-endorsement-of-democratic-candidates\/#breadcrumb","itemListElement":[{"@type":"ListItem","position":1,"name":"Home","item":"https:\/\/nebraskademocrats.org\/"},{"@type":"ListItem","position":2,"name":"Nebraska\u2019s Tribes Make Historic Joint Endorsement of Democratic Candidates"}]},{"@type":"WebSite","@id":"https:\/\/nebraskademocrats.org\/#website","url":"https:\/\/nebraskademocrats.org\/","name":"Nebraska Democratic Party","description":"Ph\u00e1t tri\u1ec3n cu\u1ed9c s\u1ed1ng t\u1ed1t \u0111\u1eb9p cho t\u1ea5t c\u1ea3 Nebraskans","publisher":{"@id":"https:\/\/nebraskademocrats.org\/#organization"},"potentialAction":[{"@type":"SearchAction","target":{"@type":"EntryPoint","urlTemplate":"https:\/\/nebraskademocrats.org\/?s={search_term_string}"},"query-input":{"@type":"PropertyValueSpecification","valueRequired":true,"valueName":"search_term_string"}}],"inLanguage":"vi"},{"@type":"Organization","@id":"https:\/\/nebraskademocrats.org\/#organization","name":"Nebraska Democratic Party","url":"https:\/\/nebraskademocrats.org\/","logo":{"@type":"ImageObject","inLanguage":"vi","@id":"https:\/\/nebraskademocrats.org\/#\/schema\/logo\/image\/","url":"https:\/\/nebraskadem.wpenginepowered.com\/wp-content\/uploads\/2016\/05\/NDP2.jpg","contentUrl":"https:\/\/nebraskadem.wpenginepowered.com\/wp-content\/uploads\/2016\/05\/NDP2.jpg","width":1000,"height":396,"caption":"Nebraska Democratic Party"},"image":{"@id":"https:\/\/nebraskademocrats.org\/#\/schema\/logo\/image\/"},"sameAs":["https:\/\/www.facebook.com\/NebraskaDemocraticParty\/","https:\/\/x.com\/nebraskadems"]},{"@type":"Person","@id":"https:\/\/nebraskademocrats.org\/#\/schema\/person\/33e011ea0795f404810dc40828bcf289","name":"McKesson qu\u00fd gi\u00e1","image":{"@type":"ImageObject","inLanguage":"vi","@id":"https:\/\/secure.gravatar.com\/avatar\/35046e19b3373116ec64c07d386d3312028d3820dc0ffe65c344bcebc8ea9194?s=96&d=mm&r=g","url":"https:\/\/secure.gravatar.com\/avatar\/35046e19b3373116ec64c07d386d3312028d3820dc0ffe65c344bcebc8ea9194?s=96&d=mm&r=g","contentUrl":"https:\/\/secure.gravatar.com\/avatar\/35046e19b3373116ec64c07d386d3312028d3820dc0ffe65c344bcebc8ea9194?s=96&d=mm&r=g","caption":"Precious McKesson"}}]}},"_links":{"self":[{"href":"https:\/\/nebraskademocrats.org\/vi\/wp-json\/wp\/v2\/posts\/6565","targetHints":{"allow":["GET"]}}],"collection":[{"href":"https:\/\/nebraskademocrats.org\/vi\/wp-json\/wp\/v2\/posts"}],"about":[{"href":"https:\/\/nebraskademocrats.org\/vi\/wp-json\/wp\/v2\/types\/post"}],"author":[{"embeddable":true,"href":"https:\/\/nebraskademocrats.org\/vi\/wp-json\/wp\/v2\/users\/19"}],"replies":[{"embeddable":true,"href":"https:\/\/nebraskademocrats.org\/vi\/wp-json\/wp\/v2\/comments?post=6565"}],"version-history":[{"count":0,"href":"https:\/\/nebraskademocrats.org\/vi\/wp-json\/wp\/v2\/posts\/6565\/revisions"}],"wp:attachment":[{"href":"https:\/\/nebraskademocrats.org\/vi\/wp-json\/wp\/v2\/media?parent=6565"}],"wp:term":[{"taxonomy":"category","embeddable":true,"href":"https:\/\/nebraskademocrats.org\/vi\/wp-json\/wp\/v2\/categories?post=6565"},{"taxonomy":"post_tag","embeddable":true,"href":"https:\/\/nebraskademocrats.org\/vi\/wp-json\/wp\/v2\/tags?post=6565"}],"curies":[{"name":"wp","href":"https:\/\/api.w.org\/{rel}","templated":true}]}}