{"id":6618,"date":"2018-10-31T16:17:03","date_gmt":"2018-10-31T21:17:03","guid":{"rendered":"https:\/\/nebraskadem.wpenginepowered.com\/?p=6618"},"modified":"2018-12-12T17:01:26","modified_gmt":"2018-12-12T23:01:26","slug":"december-2018-ndp-meeting","status":"publish","type":"post","link":"https:\/\/nebraskademocrats.org\/vi\/blog\/december-2018-ndp-meeting\/","title":{"rendered":"Cu\u1ed9c h\u1ecdp NDP th\u00e1ng 12 n\u0103m 2018"},"content":{"rendered":"<p><span style=\"font-weight: 400;\">Nebraska Democratic Party (NDP) v\u00e0 \u0110\u1ea3ng D\u00e2n ch\u1ee7 Qu\u1eadn Valley r\u1ea5t vui m\u1eebng \u0111\u01b0\u1ee3c g\u1eb7p l\u1ea1i t\u1ea5t c\u1ea3 c\u00e1c th\u00e0nh vi\u00ean SEC v\u00e0 SCC c\u00f9ng v\u1edbi c\u00e1c Ch\u1ee7 t\u1ecbch Qu\u1eadn, \u1ee8ng c\u1eed vi\u00ean, Quan ch\u1ee9c \u0111\u01b0\u1ee3c b\u1ea7u v\u00e0 \u0110\u1ea3ng vi\u00ean D\u00e2n ch\u1ee7 c\u1ea5p c\u01a1 s\u1edf t\u1ea1i Cu\u1ed9c h\u1ecdp c\u1ee7a ch\u00fang t\u00f4i v\u00e0o Th\u1ee9 n\u0103m!<\/span><\/p>\n<p>Ch\u00fang t\u00f4i khuy\u1ebfn kh\u00edch t\u1ea5t c\u1ea3 c\u00e1c th\u00e0nh vi\u00ean \u0110\u1ea3ng D\u00e2n ch\u1ee7 tham d\u1ef1 \u0111\u1ec3 b\u1ea1n c\u00f3 th\u1ec3 h\u1ecdc c\u00e1ch tham gia v\u00e0o c\u00e1c ho\u1ea1t \u0111\u1ed9ng v\u00e0 chi\u1ebfn d\u1ecbch c\u1ee7a \u0111\u1ea3ng.<\/p>\n<p>T\u1ea1i c\u00e1c cu\u1ed9c h\u1ecdp h\u00e0ng qu\u00fd c\u1ee7a ch\u00fang t\u00f4i, NDP ti\u1ebfn h\u00e0nh c\u00e1c cu\u1ed9c h\u1ecdp kinh doanh \u0111\u1ea3ng, v\u1ea5n \u0111\u1ec1 v\u00e0 cu\u1ed9c h\u1ecdp k\u00edn d\u1ef1a tr\u00ean khu v\u1ef1c b\u1ea7u c\u1eed \u0111\u1ec3 l\u00ean k\u1ebf ho\u1ea1ch cho c\u00e1c s\u1ef1 ki\u1ec7n v\u00e0 ch\u00fang t\u00f4i t\u1eadp h\u1ee3p l\u1ea1i \u0111\u1ec3 ti\u1ebfp t\u1ee5c \u0111\u1ea1t \u0111\u01b0\u1ee3c c\u00e1c m\u1ee5c ti\u00eau c\u1ee7a b\u1eefa ti\u1ec7c.<\/p>\n<p><a href=\"https:\/\/secure.actblue.com\/donate\/decscc2018?fbclid=IwAR3l7TxvlQk7F30mujXv9vGKmfYx3rFzV5uirIWNZAqXsUCz39ZsvZOY7kw\"><strong>Mua V\u00e9 B\u1eefa \u0103n (Ch\u00fang t\u00f4i th\u1ef1c s\u1ef1 khuy\u00ean b\u1ea1n n\u00ean s\u1eed d\u1ee5ng v\u00ec ch\u00fang t\u00f4i c\u00f3 m\u1ed9t ch\u01b0\u01a1ng tr\u00ecnh l\u00e0m vi\u1ec7c d\u00e0y \u0111\u1eb7c)<\/strong><\/a><\/p>\n<p><a href=\"https:\/\/www.facebook.com\/events\/1857893730906164\/\"><strong>Chia s\u1ebb s\u1ef1 ki\u1ec7n tr\u00ean Facebook<\/strong><\/a><\/p>\n<p><strong><a href=\"https:\/\/goo.gl\/forms\/RYhdwNqzgJp4cxvC3\">Cung c\u1ea5p ph\u1ea3n h\u1ed3i v\u1ec1 cu\u1ed9c h\u1ecdp k\u00edn ho\u1eb7c s\u01a1 b\u1ed9 c\u1ee7a T\u1ed5ng th\u1ed1ng cho n\u0103m 2020<\/a><\/strong><\/p>\n<p><strong><a href=\"https:\/\/nebraskadem.wpenginepowered.com\/wp-content\/uploads\/2018\/10\/December-2018-SCC-30-Day-Packet-1.pdf\">T\u00ecm G\u00f3i 30 Ng\u00e0y \u0111\u1ea7y \u0111\u1ee7 t\u1ea1i \u0111\u00e2y<\/a><\/strong><\/p>\n<p><strong><a href=\"https:\/\/nebraskadem.wpenginepowered.com\/wp-content\/uploads\/2018\/10\/10-Day-Agenda-Packet-December-2018.pdf\">T\u00ecm Ch\u01b0\u01a1ng tr\u00ecnh 10 ng\u00e0y t\u1ea1i \u0111\u00e2y<\/a><\/strong><\/p>\n<p><b>Nhi\u1ec1u kh\u00e1ch s\u1ea1n: <\/b><span style=\"font-weight: 400;\">Ch\u00fang t\u00f4i c\u00f3 kh\u1ed1i l\u01b0\u1ee3ng ph\u00f2ng gi\u1ea3m gi\u00e1 t\u1ea1i hai kh\u00e1ch s\u1ea1n kh\u00e1c nhau. <\/span><\/p>\n<p style=\"padding-left: 30px;\"><b>- Trung t\u00e2m t\u1ed5 ch\u1ee9c s\u1ef1 ki\u1ec7n Cobblestone Inn \/ Trotter<\/b><\/p>\n<p style=\"padding-left: 60px;\"><span style=\"font-weight: 400;\">-127 Trotter Ave, Ord, NE 68862<\/span><\/p>\n<p style=\"padding-left: 60px;\"><span style=\"font-weight: 400;\">-T\u00ean kh\u1ed1i: \u0110\u1ea3ng D\u00e2n ch\u1ee7 Nebraska<\/span><\/p>\n<p style=\"padding-left: 60px;\"><span style=\"font-weight: 400;\">-Rate: $79,99 m\u1ed7i \u0111\u00eam<\/span><\/p>\n<p style=\"padding-left: 30px;\"><b>-Airport Motel<\/b><\/p>\n<p style=\"padding-left: 60px;\"><span style=\"font-weight: 400;\">-1518 North 28th st, Ord, NE 68862<\/span><\/p>\n<p style=\"padding-left: 60px;\"><span style=\"font-weight: 400;\">-G\u1ecdi \u0111\u1ec3 \u0111\u1eb7t tr\u01b0\u1edbc: 308-728-3649<\/span><\/p>\n<p style=\"padding-left: 60px;\"><span style=\"font-weight: 400;\">-T\u00ean kh\u00f3a: Nebraska Democratic Party<\/span><\/p>\n<p style=\"padding-left: 60px;\">- T\u1ef7 l\u1ec7: 1 ng\u01b0\u1eddi - $59 + thu\u1ebf - 2 ng\u01b0\u1eddi $65 + thu\u1ebf<\/p>\n<p><b>\u0110\u1ecba \u0111i\u1ec3m h\u1ecdp: <\/b><span style=\"font-weight: 400;\">Ch\u00fang t\u00f4i c\u00f3 ba \u0111\u1ecba \u0111i\u1ec3m kh\u00e1c nhau, n\u01a1i ch\u00fang t\u00f4i t\u1ed5 ch\u1ee9c c\u00e1c s\u1ef1 ki\u1ec7n \u1edf Ord. Ch\u00fang t\u00f4i bi\u1ebft \u0111i\u1ec1u n\u00e0y g\u00e2y ra s\u1ef1 nh\u1ea7m l\u1eabn v\u00e0o th\u1eddi \u0111i\u1ec3m \u2013 nh\u01b0ng v\u00ec \u0111\u00e2y l\u00e0 m\u1ed9t th\u1ecb tr\u1ea5n nh\u1ecf, ch\u00fang t\u00f4i \u0111\u00e3 c\u1ed1 g\u1eafng h\u1ebft s\u1ee9c \u0111\u1ec3 \u0111i\u1ec1u h\u01b0\u1edbng d\u1ec5 d\u00e0ng nh\u1ea5t c\u00f3 th\u1ec3.<\/span><\/p>\n<p style=\"padding-left: 30px;\"><span style=\"font-weight: 400;\">-Dec. 7, C\u00e1c cu\u1ed9c h\u1ecdp k\u00edn: Cao \u0111\u1eb3ng C\u1ed9ng \u0111\u1ed3ng Trung t\u00e2m, 1514 K St, Ord, NE<\/span><\/p>\n<p style=\"padding-left: 30px;\"><span style=\"font-weight: 400;\">-Dec. 7, Cu\u1ed9c h\u1ecdp k\u00edn n\u1ed5i b\u1eadt (N\u00f4ng th\u00f4n v\u00e0 Ng\u01b0\u1eddi l\u1edbn tu\u1ed5i) v\u1edbi B\u1eefa t\u1ed1i v\u00e0 Di\u1ec5n gi\u1ea3 kh\u00e1ch m\u1eddi t\u1eeb Scratchtown: <\/span><span style=\"font-weight: 400;\">Trung t\u00e2m t\u1ed5 ch\u1ee9c s\u1ef1 ki\u1ec7n Trotter, 127 \u0110\u1ea1i l\u1ed9 Trotter, Ord, NE<\/span><\/p>\n<p style=\"padding-left: 30px;\"><span style=\"font-weight: 400;\">-Dec. 8, \u0110\u00e0o t\u1ea1o, Cu\u1ed9c h\u1ecdp CD v\u00e0 Cu\u1ed9c h\u1ecdp SCC: The Golden Husk, 129 S 16 St, Ord, NE<\/span><\/p>\n<p>&nbsp;<\/p>\n<h2 style=\"text-align: center;\"><b>Th\u00f4ng tin ch\u00ednh cho cu\u1ed9c h\u1ecdp th\u00e1ng 12<\/b><\/h2>\n<p>&nbsp;<\/p>\n<p><span style=\"font-weight: 400;\">T\u1ea1i cu\u1ed9c h\u1ecdp th\u00e1ng 12, ch\u00fang t\u00f4i s\u1ebd b\u1ea7u t\u1ea5t c\u1ea3 c\u00e1c Th\u00e0nh vi\u00ean \u1ee6y ban Th\u01b0\u1eddng v\u1ee5, th\u1ea3o lu\u1eadn v\u1ec1 l\u1ecbch tr\u00ecnh c\u1ee7a SCC cho n\u0103m 2019-2020 (xem l\u1ecbch tr\u00ecnh \u0111\u01b0\u1ee3c \u0111\u1ec1 xu\u1ea5t trong t\u1eadp t\u00e0i li\u1ec7u), b\u1ecf phi\u1ebfu v\u1ec1 T\u1ed5ng th\u1ed1ng s\u01a1 b\u1ed9 ho\u1eb7c h\u1ecdp k\u00edn c\u00f9ng v\u1edbi c\u00e1c th\u1ee7 t\u1ee5c k\u1ebf ho\u1ea1ch L\u1ef1a ch\u1ecdn \u1ee6y quy\u1ec1n v\u00e0 t\u1ea1o \u0111i\u1ec1u ki\u1ec7n cho S\u1ef1 \u0111a d\u1ea1ng v\u00e0 \u0110\u00e0o t\u1ea1o h\u00f2a nh\u1eadp. N\u00f3i c\u00e1ch kh\u00e1c, m\u1ed9t ch\u01b0\u01a1ng tr\u00ecnh ngh\u1ecb s\u1ef1 r\u1ea5t \u0111\u00f4ng \u0111\u00fac.<\/span><\/p>\n<p><span style=\"font-weight: 400;\">Ch\u00fang t\u00f4i bi\u1ebft c\u00e1c Th\u00e0nh vi\u00ean SCC c\u1ee7a ch\u00fang t\u00f4i s\u1ebd m\u1ec7t m\u1ecfi v\u00ec m\u00f9a b\u1ea7u c\u1eed n\u0103m 2018 v\u00e0 ch\u00fang t\u00f4i \u0111ang y\u00eau c\u1ea7u r\u1ea5t nhi\u1ec1u \u0111\u1ec3 xoay s\u1edf cho m\u1ed9t cu\u1ed9c h\u1ecdp \u0111\u00f4ng \u0111\u1ee7 - tuy nhi\u00ean, c\u0169ng bi\u1ebft r\u1eb1ng ch\u00fang t\u00f4i c\u00f3 cu\u1ed9c b\u1ea7u c\u1eed v\u00e0o th\u00e1ng 5 n\u0103m 2019 v\u00e0 c\u1ea7n ph\u1ea3i quy\u1ebft \u0111\u1ecbnh c\u00e1c kh\u00eda c\u1ea1nh quan tr\u1ecdng cho chu k\u1ef3 n\u0103m 2020 . <\/span><\/p>\n<p><b>Nh\u1eefng \u0111i\u1ec1u th\u00fa v\u1ecb \u0111\u1ec3 l\u00e0m khi \u1edf Ord: <\/b><a href=\"https:\/\/www.facebook.com\/ordnebraska\/\"><span style=\"font-weight: 400;\">https:\/\/www.facebook.com\/ordnebraska\/<\/span><\/a><\/p>\n<p>&nbsp;<\/p>\n<h1 style=\"text-align: center;\"><b>L\u1ecbch h\u1ecdp<\/b><\/h1>\n<p>&nbsp;<\/p>\n<h2 style=\"text-align: center;\"><b>Ng\u00e0y 7 th\u00e1ng 12: H\u1ecdp k\u00edn<\/b><\/h2>\n<p>&nbsp;<\/p>\n<h2 style=\"text-align: center;\"><b>Cao \u0111\u1eb3ng c\u1ed9ng \u0111\u1ed3ng trung t\u00e2m, 1514 K St, Ord, NE 68862<\/b><\/h2>\n<p>&nbsp;<\/p>\n<p><b>5:00 chi\u1ec1u - 6:00 t\u1ed1i<\/b><b><br \/>\n<\/b><span style=\"font-weight: 400;\">C\u1ef1u chi\u1ebfn binh Caucus- L\u1edbp h\u1ecdc ph\u00eda B\u1eafc<br \/>\n<\/span><span style=\"font-weight: 400;\">Climate Caucus- South Classroom<br \/>\n<\/span><span style=\"font-weight: 400;\">LGBTQ Caucus- Khu v\u1ef1c chung<\/span><span style=\"font-weight: 400;\"><br \/>\n<\/span><span style=\"font-weight: 400;\">Latinx Caucus- Ph\u00f2ng h\u1ecdp ch\u00ednh<\/span><\/p>\n<p><b>6:00 chi\u1ec1u - 7:00 t\u1ed1i<\/b><b><br \/>\n<\/b><span style=\"font-weight: 400;\">H\u1ecdp Ch\u1ee7 t\u1ecbch Qu\u1eadn - Ph\u00f2ng H\u1ed9i ngh\u1ecb Ch\u00ednh<\/span><span style=\"font-weight: 400;\"><br \/>\n<\/span><span style=\"font-weight: 400;\">Native Caucus- North Classroom<\/span><span style=\"font-weight: 400;\"><br \/>\n<\/span><span style=\"font-weight: 400;\">\u0110\u1ea3ng vi\u00ean D\u00e2n ch\u1ee7 Tr\u1ebb Nebraska- Khu v\u1ef1c chung<\/span><span style=\"font-weight: 400;\"><br \/>\n<\/span><span style=\"font-weight: 400;\">Interfaith Caucus- South Classroom<\/span><\/p>\n<p><b>7:00 t\u1ed1i - 8:00 t\u1ed1i<\/b><span style=\"font-weight: 400;\"><br \/>\n<\/span><span style=\"font-weight: 400;\">Black Caucus- South Classroom<\/span><span style=\"font-weight: 400;\"><br \/>\n<\/span><span style=\"font-weight: 400;\">\u0110\u1ea3ng vi\u00ean \u0110\u1ea3ng D\u00e2n ch\u1ee7 Tr\u1ea3i qua Khuy\u1ebft t\u1eadt Caucus- North Classroom<\/span><span style=\"font-weight: 400;\"><br \/>\n<\/span><span style=\"font-weight: 400;\">Cu\u1ed9c h\u1ecdp k\u00edn c\u1ee7a c\u00e1c gia \u0111\u00ecnh lao \u0111\u1ed9ng- Khu v\u1ef1c chung<\/span><span style=\"font-weight: 400;\"><br \/>\n<\/span><span style=\"font-weight: 400;\">Caucus d\u00e0nh cho n\u1eef - Ph\u00f2ng h\u1ed9i ngh\u1ecb ch\u00ednh<\/span><\/p>\n<p><strong>8 gi\u1edd t\u1ed1i - 10 gi\u1edd t\u1ed1i<\/strong><\/p>\n<p><span style=\"font-weight: 400;\">N\u00f4ng th\u00f4n v\u00e0 N\u00f4ng nghi\u1ec7p n\u1ed5i b\u1eadt: Ti\u1ebfp t\u00e2n v\u00e0 B\u1eefa t\u1ed1i<\/span><\/p>\n<p style=\"padding-left: 30px;\"><span style=\"font-weight: 400;\">-Trotter Event Centre, 127 Trotter Avenue, Ord, NE 68862<\/span><\/p>\n<p style=\"padding-left: 60px;\"><span style=\"font-weight: 400;\">-B\u1ea1n ph\u1ea3i mua v\u00e9 \u0103n n\u1ebfu \u0111\u1ecbnh \u0103n t\u1ed1i<\/span><\/p>\n<p style=\"padding-left: 60px;\"><span style=\"font-weight: 400;\">-T\u1ea5t c\u1ea3 \u0111\u1ec1u \u0111\u01b0\u1ee3c ch\u00e0o \u0111\u00f3n t\u1ea1i s\u1ef1 ki\u1ec7n<\/span><\/p>\n<p style=\"padding-left: 60px;\"><span style=\"font-weight: 400;\">-C\u00f3, ch\u00fang t\u00f4i s\u1ebd c\u00f3 Bia Scratchtown t\u1ea1i s\u1ef1 ki\u1ec7n :) N\u1ebfu b\u1ea1n ch\u01b0a bi\u1ebft v\u1ec1 ngh\u1ec1 th\u1ee7 c\u00f4ng n\u00e0y, nh\u00e0 m\u00e1y bia \u0111\u1ecba ph\u01b0\u01a1ng do gia \u0111\u00ecnh t\u1ef1 qu\u1ea3n, h\u00e3y xem:<\/span> <a href=\"http:\/\/scratchtown.beer\"><span style=\"font-weight: 400;\">http:\/\/scratchtown.beer<\/span><b><\/b><\/a><\/p>\n<p>&nbsp;<\/p>\n<h2 style=\"text-align: center;\"><b>Ng\u00e0y 8 th\u00e1ng 12: \u0110\u00e0o t\u1ea1o, H\u1ecdp CD v\u00e0 SCC<\/b><\/h2>\n<p>&nbsp;<\/p>\n<h2 style=\"text-align: center;\"><b>Golden Husk, 129 S 16 St, Ord, NE 68862<\/b><\/h2>\n<p><b><br \/>\n8:00 s\u00e1ng - tr\u01b0a<\/b><\/p>\n<p><span style=\"font-weight: 400;\">\u0110\u0103ng k\u00fd (nh\u1eadn huy hi\u1ec7u t\u00ean, t\u00e0i li\u1ec7u cu\u1ed9c h\u1ecdp)<\/span><\/p>\n<p><b>8:00 s\u00e1ng - tr\u01b0a<br \/>\n<\/b><b><br \/>\n<\/b><span style=\"font-weight: 400;\">\u0110\u00e0o t\u1ea1o \u0110a d\u1ea1ng v\u00e0 H\u00f2a nh\u1eadp (t\u1ea5t c\u1ea3 \u0111\u1ec1u ph\u1ea3i tham d\u1ef1)<\/span><\/p>\n<p><b>\u0102n tr\u01b0a (\u0103n tr\u01b0a \u0111\u00f3ng h\u1ed9p v\u00e0 \u0111i d\u1ef1 H\u1ecdp CD)<\/b><\/p>\n<p style=\"padding-left: 30px;\"><span style=\"font-weight: 400;\">-B\u1ea1n ph\u1ea3i mua v\u00e9 \u0103n cho b\u1eefa s\u00e1ng, nh\u01b0ng n\u1ebfu b\u1ea1n \u1edf t\u1ea1i Cobblestone, b\u1eefa s\u00e1ng c\u0169ng \u0111\u01b0\u1ee3c bao g\u1ed3m<\/span><span style=\"font-weight: 400;\"><br \/>\n<\/span><\/p>\n<p><b>12:00 tr\u01b0a - 1:30 chi\u1ec1u<br \/>\n<\/b><b><br \/>\n<\/b><span style=\"font-weight: 400;\">Cu\u1ed9c h\u1ecdp CD1 v\u00e0 b\u1ea7u c\u1eed \u1ee6y ban<\/span><span style=\"font-weight: 400;\"><br \/>\n<\/span><span style=\"font-weight: 400;\">Cu\u1ed9c h\u1ecdp CD2 v\u00e0 b\u1ea7u c\u1eed \u1ee6y ban<\/span><span style=\"font-weight: 400;\"><br \/>\n<\/span><span style=\"font-weight: 400;\">Cu\u1ed9c h\u1ecdp CD3 v\u00e0 b\u1ea7u c\u1eed \u1ee6y ban<\/span><\/p>\n<p><b>VOTES \u2013 nh\u1eefng n\u1ed9i dung sau s\u1ebd \u0111\u01b0\u1ee3c b\u1ecf phi\u1ebfu trong m\u1ed7i Cu\u1ed9c h\u1ecdp CD:<\/b><\/p>\n<p style=\"padding-left: 30px;\"><span style=\"font-weight: 400;\">- C\u00e1c phi\u1ebfu b\u1ea7u cho SCC v\u00e0 c\u00e1c s\u01a1 h\u1edf c\u1ee7a \u1ee7y ban s\u1ebd \u0111\u01b0\u1ee3c b\u1ecf phi\u1ebfu trong c\u00e1c cu\u1ed9c h\u1ecdp c\u1ee7a CD, xem c\u00e1c s\u01a1 khai t\u1ea1i \u0111\u00e2y: <\/span><a href=\"https:\/\/nebraskadem.wpenginepowered.com\/be-a-party-leader\/\"><span style=\"font-weight: 400;\">https:\/\/nebraskadem.wpenginepowered.com\/be-a-party-leader\/<\/span><\/a><\/p>\n<p style=\"padding-left: 30px;\"><span style=\"font-weight: 400;\">- B\u1ea7u c\u00e1c th\u00e0nh vi\u00ean v\u00e0o Ban Th\u01b0\u1eddng v\u1ee5 <\/span><\/p>\n<p><strong>1:30 chi\u1ec1u - 5:30 chi\u1ec1u<\/strong><\/p>\n<p>H\u1ed9i ngh\u1ecb \u1ee6y ban Trung \u01b0\u01a1ng Nh\u00e0 n\u01b0\u1edbc<\/p>\n<p style=\"padding-left: 30px;\">-Nh\u1eefng m\u1ee5c trong ch\u01b0\u01a1ng tr\u00ecnh ngh\u1ecb s\u1ef1 c\u1ee5 th\u1ec3 \u0111\u01b0\u1ee3c li\u1ec7t k\u00ea trong g\u00f3i 30 ng\u00e0y<\/p>\n<p><b><em>Huy\u1ec1n tho\u1ea1i, Bi\u00ean b\u1ea3n v\u00e0 Danh s\u00e1ch tham d\u1ef1<\/em><br \/>\n<\/b><\/p>\n<p><a href=\"https:\/\/nebraskadem.wpenginepowered.com\/wp-content\/uploads\/2018\/12\/SCC-Minutes-Attendance-DOCS-12-08-2018-Binder.pdf\" target=\"_blank\" rel=\"noopener\">Cu\u1ed9c h\u1ecdp Th\u01b0\u1eddng k\u1ef3 Th\u00e1ng 12 n\u0103m 2018: Bi\u00ean b\u1ea3n v\u00e0 S\u1ef1 tham d\u1ef1-DOCS<\/a><\/p>\n<p><a href=\"https:\/\/nebraskadem.wpenginepowered.com\/wp-content\/uploads\/2018\/10\/December-2018-SCC-30-Day-Packet.pdf\">Cu\u1ed9c h\u1ecdp th\u01b0\u1eddng k\u1ef3 th\u00e1ng 12 n\u0103m 2018: Ch\u01b0\u01a1ng tr\u00ecnh ngh\u1ecb s\u1ef1 v\u00e0 G\u00f3i SCC 30 ng\u00e0y<\/a><\/p>\n<p><a href=\"https:\/\/nebraskadem.wpenginepowered.com\/wp-content\/uploads\/2018\/12\/SCC-minutes_08-26-2018.pdf\" target=\"_blank\" rel=\"noopener\">Cu\u1ed9c h\u1ecdp Teleconference th\u00e1ng 8 n\u0103m 2018: Bi\u00ean b\u1ea3n<\/a><\/p>\n<p><a href=\"https:\/\/nebraskadem.wpenginepowered.com\/wp-content\/uploads\/2018\/12\/SCC-Minutes-06-23-2018.pdf\" target=\"_blank\" rel=\"noopener\">Bi\u00ean b\u1ea3n SCC t\u1ea1i H\u1ed9i ngh\u1ecb \u1edf Lincoln, ng\u00e0y 23 th\u00e1ng 6 n\u0103m 2018<\/a><\/p>\n<p><a href=\"https:\/\/nebraskadem.wpenginepowered.com\/wp-content\/uploads\/2018\/10\/2018-Convention-Minutes.pdf\">Bi\u00ean b\u1ea3n H\u1ed9i ngh\u1ecb n\u0103m 2018<\/a><\/p>\n<p><a href=\"https:\/\/nebraskadem.wpenginepowered.com\/wp-content\/uploads\/2018\/05\/Spring-SCC-Meeting-4-7-2018.pdf\">Cu\u1ed9c h\u1ecdp m\u00f9a xu\u00e2n North Platte v\u00e0o th\u00e1ng T\u01b0. 2018: Bi\u00ean b\u1ea3n v\u00e0 Danh s\u00e1ch tham d\u1ef1<\/a><\/p>\n<p><a href=\"https:\/\/nebraskadem.wpenginepowered.com\/wp-content\/uploads\/2018\/02\/North-Platte-2018_30-day-packet-agenda-for-sec-and-scc-and-county-chairs.docx.pdf\">Cu\u1ed9c h\u1ecdp m\u00f9a xu\u00e2n North Platte v\u00e0o th\u00e1ng T\u01b0. 2018: Ch\u01b0\u01a1ng tr\u00ecnh ngh\u1ecb s\u1ef1 v\u00e0 G\u00f3i SCC 30 ng\u00e0y<\/a><\/p>\n<p><a href=\"https:\/\/nebraskadem.wpenginepowered.com\/wp-content\/uploads\/2018\/04\/SCC_Munutes-2-03-2018binder-e.pdf\" target=\"_blank\" rel=\"noopener\">Cu\u1ed9c h\u1ecdp m\u00f9a \u0111\u00f4ng Springfield v\u00e0o th\u00e1ng 2 n\u0103m 2018: Bi\u00ean b\u1ea3n v\u00e0 Danh s\u00e1ch tham d\u1ef1<\/a><\/p>\n<p><a href=\"https:\/\/nebraskadem.wpenginepowered.com\/wp-content\/uploads\/2017\/12\/Sarpy-2018_agenda-for-sec-and-scc_mailing-with-Final-Edits-with-10th-page.pdf\" target=\"_blank\" rel=\"noopener\">Cu\u1ed9c h\u1ecdp m\u00f9a \u0111\u00f4ng Springfield v\u00e0o th\u00e1ng 2 n\u0103m 2018: Ch\u01b0\u01a1ng tr\u00ecnh ngh\u1ecb s\u1ef1 v\u00e0 G\u00f3i SCC 30 ng\u00e0y<\/a><\/p>\n<p><a href=\"https:\/\/nebraskadem.wpenginepowered.com\/wp-content\/uploads\/2017\/12\/Minutes-Attendance_List-from_-11-14-2017MeetingBinder1.pdf\">Cu\u1ed9c h\u1ecdp m\u00f9a thu Omaha v\u00e0o th\u00e1ng 11 n\u0103m 2017: Bi\u00ean b\u1ea3n v\u00e0 Danh s\u00e1ch tham d\u1ef1<\/a><\/p>\n<p><a href=\"https:\/\/nebraskadem.wpenginepowered.com\/SCC-Minutes-Attendance-9-30-2017-Binder-s.pdf\">Cu\u1ed9c h\u1ecdp SCC qua \u0111i\u1ec7n tho\u1ea1i th\u00e1ng 9 n\u0103m 2017: Bi\u00ean b\u1ea3n v\u00e0 Danh s\u00e1ch tham d\u1ef1<\/a><\/p>\n<p><a href=\"https:\/\/nebraskadem.wpenginepowered.com\/SCC-Minutes-6-10-2017Binder1.pdf\">H\u1ecdp m\u1eb7t Chadron m\u00f9a h\u00e8 2017: Bi\u00ean b\u1ea3n v\u00e0 Danh s\u00e1ch tham d\u1ef1<\/a><\/p>\n<p><a href=\"https:\/\/nebraskadem.wpenginepowered.com\/Minutes-Attendance-Binder3-18-2017.pdf\">Lincoln Spring Meeting 2017: Bi\u00ean b\u1ea3n v\u00e0 Danh s\u00e1ch tham d\u1ef1<\/a><\/p>\n<p><a href=\"https:\/\/drive.google.com\/drive\/u\/2\/folders\/0B7_8rcZIkfz7cmdSMk4zZnBZZ0U\">C\u00e1c Ngh\u1ecb quy\u1ebft \u0111\u01b0\u1ee3c L\u01b0u tr\u1eef NDP<\/a><\/p>\n<p><a href=\"https:\/\/nebraskadem.wpenginepowered.com\/party-platform\/\">NDP ByLaws<\/a><\/p>\n<p><a href=\"https:\/\/nebraskadem.wpenginepowered.com\/party-platform\/\">N\u1ec1n t\u1ea3ng NDP<\/a><\/p>","protected":false},"excerpt":{"rendered":"<p>The Nebraska Democratic Party (NDP) and Valley County Democratic Party are excited to see all the SEC and SCC members along with County Chairs, Candidates, Elected Officials and Grassroots Democrats at our Meeting in Ord! We encourage all Democrats to attend so you can learn how to be involved in party operations and campaigns. At &#8230; <a title=\"Cu\u1ed9c h\u1ecdp NDP th\u00e1ng 12 n\u0103m 2018\" class=\"read-more\" href=\"https:\/\/nebraskademocrats.org\/vi\/blog\/december-2018-ndp-meeting\/\" aria-label=\"More on December 2018 NDP Meeting\">\u0110\u1ecdc th\u00eam<\/a><\/p>","protected":false},"author":19,"featured_media":0,"comment_status":"closed","ping_status":"closed","sticky":false,"template":"","format":"standard","meta":{"_acf_changed":false,"_exactmetrics_skip_tracking":false,"_exactmetrics_sitenote_active":false,"_exactmetrics_sitenote_note":"","_exactmetrics_sitenote_category":0,"footnotes":""},"categories":[1],"tags":[],"class_list":["post-6618","post","type-post","status-publish","format-standard","hentry","category-blog"],"acf":[],"yoast_head":"<!-- This site is optimized with the Yoast SEO plugin v27.4 - https:\/\/yoast.com\/product\/yoast-seo-wordpress\/ -->\n<title>December 2018 NDP Meeting &#8211; Nebraska Democratic Party<\/title>\n<meta name=\"robots\" content=\"index, follow, max-snippet:-1, max-image-preview:large, max-video-preview:-1\" \/>\n<link rel=\"canonical\" href=\"https:\/\/nebraskademocrats.org\/vi\/blog\/december-2018-ndp-meeting\/\" \/>\n<meta property=\"og:locale\" content=\"vi_VN\" \/>\n<meta property=\"og:type\" content=\"article\" \/>\n<meta property=\"og:title\" content=\"December 2018 NDP Meeting &#8211; Nebraska Democratic Party\" \/>\n<meta property=\"og:description\" content=\"The Nebraska Democratic Party (NDP) and Valley County Democratic Party are excited to see all the SEC and SCC members along with County Chairs, Candidates, Elected Officials and Grassroots Democrats at our Meeting in Ord! We encourage all Democrats to attend so you can learn how to be involved in party operations and campaigns. At ... Read more\" \/>\n<meta property=\"og:url\" content=\"https:\/\/nebraskademocrats.org\/vi\/blog\/december-2018-ndp-meeting\/\" \/>\n<meta property=\"og:site_name\" content=\"Nebraska Democratic Party\" \/>\n<meta property=\"article:publisher\" content=\"https:\/\/www.facebook.com\/NebraskaDemocraticParty\/\" \/>\n<meta property=\"article:published_time\" content=\"2018-10-31T21:17:03+00:00\" \/>\n<meta property=\"article:modified_time\" content=\"2018-12-12T23:01:26+00:00\" \/>\n<meta property=\"og:image\" content=\"https:\/\/nebraskademocrats.org\/wp-content\/uploads\/2018\/09\/ne-dems-fb.jpg\" \/>\n\t<meta property=\"og:image:width\" content=\"1200\" \/>\n\t<meta property=\"og:image:height\" content=\"630\" \/>\n\t<meta property=\"og:image:type\" content=\"image\/jpeg\" \/>\n<meta name=\"author\" content=\"Precious McKesson\" \/>\n<meta name=\"twitter:card\" content=\"summary_large_image\" \/>\n<meta name=\"twitter:creator\" content=\"@nebraskadems\" \/>\n<meta name=\"twitter:site\" content=\"@nebraskadems\" \/>\n<meta name=\"twitter:label1\" content=\"\u0110\u01b0\u1ee3c vi\u1ebft b\u1edfi\" \/>\n\t<meta name=\"twitter:data1\" content=\"Precious McKesson\" \/>\n\t<meta name=\"twitter:label2\" content=\"\u01af\u1edbc t\u00ednh th\u1eddi gian \u0111\u1ecdc\" \/>\n\t<meta name=\"twitter:data2\" content=\"4 ph\u00fat\" \/>\n<script type=\"application\/ld+json\" class=\"yoast-schema-graph\">{\"@context\":\"https:\\\/\\\/schema.org\",\"@graph\":[{\"@type\":\"Article\",\"@id\":\"https:\\\/\\\/nebraskademocrats.org\\\/ar\\\/blog\\\/december-2018-ndp-meeting\\\/#article\",\"isPartOf\":{\"@id\":\"https:\\\/\\\/nebraskademocrats.org\\\/ar\\\/blog\\\/december-2018-ndp-meeting\\\/\"},\"author\":{\"name\":\"Precious McKesson\",\"@id\":\"https:\\\/\\\/nebraskademocrats.org\\\/#\\\/schema\\\/person\\\/33e011ea0795f404810dc40828bcf289\"},\"headline\":\"December 2018 NDP Meeting\",\"datePublished\":\"2018-10-31T21:17:03+00:00\",\"dateModified\":\"2018-12-12T23:01:26+00:00\",\"mainEntityOfPage\":{\"@id\":\"https:\\\/\\\/nebraskademocrats.org\\\/ar\\\/blog\\\/december-2018-ndp-meeting\\\/\"},\"wordCount\":752,\"publisher\":{\"@id\":\"https:\\\/\\\/nebraskademocrats.org\\\/#organization\"},\"articleSection\":[\"NDP Blog\"],\"inLanguage\":\"vi\"},{\"@type\":\"WebPage\",\"@id\":\"https:\\\/\\\/nebraskademocrats.org\\\/ar\\\/blog\\\/december-2018-ndp-meeting\\\/\",\"url\":\"https:\\\/\\\/nebraskademocrats.org\\\/ar\\\/blog\\\/december-2018-ndp-meeting\\\/\",\"name\":\"December 2018 NDP Meeting &#8211; Nebraska Democratic Party\",\"isPartOf\":{\"@id\":\"https:\\\/\\\/nebraskademocrats.org\\\/#website\"},\"datePublished\":\"2018-10-31T21:17:03+00:00\",\"dateModified\":\"2018-12-12T23:01:26+00:00\",\"breadcrumb\":{\"@id\":\"https:\\\/\\\/nebraskademocrats.org\\\/ar\\\/blog\\\/december-2018-ndp-meeting\\\/#breadcrumb\"},\"inLanguage\":\"vi\",\"potentialAction\":[{\"@type\":\"ReadAction\",\"target\":[\"https:\\\/\\\/nebraskademocrats.org\\\/ar\\\/blog\\\/december-2018-ndp-meeting\\\/\"]}]},{\"@type\":\"BreadcrumbList\",\"@id\":\"https:\\\/\\\/nebraskademocrats.org\\\/ar\\\/blog\\\/december-2018-ndp-meeting\\\/#breadcrumb\",\"itemListElement\":[{\"@type\":\"ListItem\",\"position\":1,\"name\":\"Home\",\"item\":\"https:\\\/\\\/nebraskademocrats.org\\\/\"},{\"@type\":\"ListItem\",\"position\":2,\"name\":\"December 2018 NDP Meeting\"}]},{\"@type\":\"WebSite\",\"@id\":\"https:\\\/\\\/nebraskademocrats.org\\\/#website\",\"url\":\"https:\\\/\\\/nebraskademocrats.org\\\/\",\"name\":\"Nebraska Democratic Party\",\"description\":\"Growing the Good Life for All Nebraskans\",\"publisher\":{\"@id\":\"https:\\\/\\\/nebraskademocrats.org\\\/#organization\"},\"potentialAction\":[{\"@type\":\"SearchAction\",\"target\":{\"@type\":\"EntryPoint\",\"urlTemplate\":\"https:\\\/\\\/nebraskademocrats.org\\\/?s={search_term_string}\"},\"query-input\":{\"@type\":\"PropertyValueSpecification\",\"valueRequired\":true,\"valueName\":\"search_term_string\"}}],\"inLanguage\":\"vi\"},{\"@type\":\"Organization\",\"@id\":\"https:\\\/\\\/nebraskademocrats.org\\\/#organization\",\"name\":\"Nebraska Democratic Party\",\"url\":\"https:\\\/\\\/nebraskademocrats.org\\\/\",\"logo\":{\"@type\":\"ImageObject\",\"inLanguage\":\"vi\",\"@id\":\"https:\\\/\\\/nebraskademocrats.org\\\/#\\\/schema\\\/logo\\\/image\\\/\",\"url\":\"https:\\\/\\\/nebraskadem.wpenginepowered.com\\\/wp-content\\\/uploads\\\/2016\\\/05\\\/NDP2.jpg\",\"contentUrl\":\"https:\\\/\\\/nebraskadem.wpenginepowered.com\\\/wp-content\\\/uploads\\\/2016\\\/05\\\/NDP2.jpg\",\"width\":1000,\"height\":396,\"caption\":\"Nebraska Democratic Party\"},\"image\":{\"@id\":\"https:\\\/\\\/nebraskademocrats.org\\\/#\\\/schema\\\/logo\\\/image\\\/\"},\"sameAs\":[\"https:\\\/\\\/www.facebook.com\\\/NebraskaDemocraticParty\\\/\",\"https:\\\/\\\/x.com\\\/nebraskadems\"]},{\"@type\":\"Person\",\"@id\":\"https:\\\/\\\/nebraskademocrats.org\\\/#\\\/schema\\\/person\\\/33e011ea0795f404810dc40828bcf289\",\"name\":\"Precious McKesson\",\"image\":{\"@type\":\"ImageObject\",\"inLanguage\":\"vi\",\"@id\":\"https:\\\/\\\/secure.gravatar.com\\\/avatar\\\/35046e19b3373116ec64c07d386d3312028d3820dc0ffe65c344bcebc8ea9194?s=96&d=mm&r=g\",\"url\":\"https:\\\/\\\/secure.gravatar.com\\\/avatar\\\/35046e19b3373116ec64c07d386d3312028d3820dc0ffe65c344bcebc8ea9194?s=96&d=mm&r=g\",\"contentUrl\":\"https:\\\/\\\/secure.gravatar.com\\\/avatar\\\/35046e19b3373116ec64c07d386d3312028d3820dc0ffe65c344bcebc8ea9194?s=96&d=mm&r=g\",\"caption\":\"Precious McKesson\"}}]}<\/script>\n<!-- \/ Yoast SEO plugin. -->","yoast_head_json":{"title":"December 2018 NDP Meeting &#8211; Nebraska Democratic Party","robots":{"index":"index","follow":"follow","max-snippet":"max-snippet:-1","max-image-preview":"max-image-preview:large","max-video-preview":"max-video-preview:-1"},"canonical":"https:\/\/nebraskademocrats.org\/vi\/blog\/december-2018-ndp-meeting\/","og_locale":"vi_VN","og_type":"article","og_title":"December 2018 NDP Meeting &#8211; Nebraska Democratic Party","og_description":"The Nebraska Democratic Party (NDP) and Valley County Democratic Party are excited to see all the SEC and SCC members along with County Chairs, Candidates, Elected Officials and Grassroots Democrats at our Meeting in Ord! We encourage all Democrats to attend so you can learn how to be involved in party operations and campaigns. At ... Read more","og_url":"https:\/\/nebraskademocrats.org\/vi\/blog\/december-2018-ndp-meeting\/","og_site_name":"Nebraska Democratic Party","article_publisher":"https:\/\/www.facebook.com\/NebraskaDemocraticParty\/","article_published_time":"2018-10-31T21:17:03+00:00","article_modified_time":"2018-12-12T23:01:26+00:00","og_image":[{"width":1200,"height":630,"url":"https:\/\/nebraskademocrats.org\/wp-content\/uploads\/2018\/09\/ne-dems-fb.jpg","type":"image\/jpeg"}],"author":"Precious McKesson","twitter_card":"summary_large_image","twitter_creator":"@nebraskadems","twitter_site":"@nebraskadems","twitter_misc":{"\u0110\u01b0\u1ee3c vi\u1ebft b\u1edfi":"Precious McKesson","\u01af\u1edbc t\u00ednh th\u1eddi gian \u0111\u1ecdc":"4 ph\u00fat"},"schema":{"@context":"https:\/\/schema.org","@graph":[{"@type":"Article","@id":"https:\/\/nebraskademocrats.org\/ar\/blog\/december-2018-ndp-meeting\/#article","isPartOf":{"@id":"https:\/\/nebraskademocrats.org\/ar\/blog\/december-2018-ndp-meeting\/"},"author":{"name":"Precious McKesson","@id":"https:\/\/nebraskademocrats.org\/#\/schema\/person\/33e011ea0795f404810dc40828bcf289"},"headline":"December 2018 NDP Meeting","datePublished":"2018-10-31T21:17:03+00:00","dateModified":"2018-12-12T23:01:26+00:00","mainEntityOfPage":{"@id":"https:\/\/nebraskademocrats.org\/ar\/blog\/december-2018-ndp-meeting\/"},"wordCount":752,"publisher":{"@id":"https:\/\/nebraskademocrats.org\/#organization"},"articleSection":["NDP Blog"],"inLanguage":"vi"},{"@type":"WebPage","@id":"https:\/\/nebraskademocrats.org\/ar\/blog\/december-2018-ndp-meeting\/","url":"https:\/\/nebraskademocrats.org\/ar\/blog\/december-2018-ndp-meeting\/","name":"December 2018 NDP Meeting &#8211; Nebraska Democratic Party","isPartOf":{"@id":"https:\/\/nebraskademocrats.org\/#website"},"datePublished":"2018-10-31T21:17:03+00:00","dateModified":"2018-12-12T23:01:26+00:00","breadcrumb":{"@id":"https:\/\/nebraskademocrats.org\/ar\/blog\/december-2018-ndp-meeting\/#breadcrumb"},"inLanguage":"vi","potentialAction":[{"@type":"ReadAction","target":["https:\/\/nebraskademocrats.org\/ar\/blog\/december-2018-ndp-meeting\/"]}]},{"@type":"BreadcrumbList","@id":"https:\/\/nebraskademocrats.org\/ar\/blog\/december-2018-ndp-meeting\/#breadcrumb","itemListElement":[{"@type":"ListItem","position":1,"name":"Home","item":"https:\/\/nebraskademocrats.org\/"},{"@type":"ListItem","position":2,"name":"December 2018 NDP Meeting"}]},{"@type":"WebSite","@id":"https:\/\/nebraskademocrats.org\/#website","url":"https:\/\/nebraskademocrats.org\/","name":"Nebraska Democratic Party","description":"Ph\u00e1t tri\u1ec3n cu\u1ed9c s\u1ed1ng t\u1ed1t \u0111\u1eb9p cho t\u1ea5t c\u1ea3 Nebraskans","publisher":{"@id":"https:\/\/nebraskademocrats.org\/#organization"},"potentialAction":[{"@type":"SearchAction","target":{"@type":"EntryPoint","urlTemplate":"https:\/\/nebraskademocrats.org\/?s={search_term_string}"},"query-input":{"@type":"PropertyValueSpecification","valueRequired":true,"valueName":"search_term_string"}}],"inLanguage":"vi"},{"@type":"Organization","@id":"https:\/\/nebraskademocrats.org\/#organization","name":"Nebraska Democratic Party","url":"https:\/\/nebraskademocrats.org\/","logo":{"@type":"ImageObject","inLanguage":"vi","@id":"https:\/\/nebraskademocrats.org\/#\/schema\/logo\/image\/","url":"https:\/\/nebraskadem.wpenginepowered.com\/wp-content\/uploads\/2016\/05\/NDP2.jpg","contentUrl":"https:\/\/nebraskadem.wpenginepowered.com\/wp-content\/uploads\/2016\/05\/NDP2.jpg","width":1000,"height":396,"caption":"Nebraska Democratic Party"},"image":{"@id":"https:\/\/nebraskademocrats.org\/#\/schema\/logo\/image\/"},"sameAs":["https:\/\/www.facebook.com\/NebraskaDemocraticParty\/","https:\/\/x.com\/nebraskadems"]},{"@type":"Person","@id":"https:\/\/nebraskademocrats.org\/#\/schema\/person\/33e011ea0795f404810dc40828bcf289","name":"McKesson qu\u00fd gi\u00e1","image":{"@type":"ImageObject","inLanguage":"vi","@id":"https:\/\/secure.gravatar.com\/avatar\/35046e19b3373116ec64c07d386d3312028d3820dc0ffe65c344bcebc8ea9194?s=96&d=mm&r=g","url":"https:\/\/secure.gravatar.com\/avatar\/35046e19b3373116ec64c07d386d3312028d3820dc0ffe65c344bcebc8ea9194?s=96&d=mm&r=g","contentUrl":"https:\/\/secure.gravatar.com\/avatar\/35046e19b3373116ec64c07d386d3312028d3820dc0ffe65c344bcebc8ea9194?s=96&d=mm&r=g","caption":"Precious McKesson"}}]}},"_links":{"self":[{"href":"https:\/\/nebraskademocrats.org\/vi\/wp-json\/wp\/v2\/posts\/6618","targetHints":{"allow":["GET"]}}],"collection":[{"href":"https:\/\/nebraskademocrats.org\/vi\/wp-json\/wp\/v2\/posts"}],"about":[{"href":"https:\/\/nebraskademocrats.org\/vi\/wp-json\/wp\/v2\/types\/post"}],"author":[{"embeddable":true,"href":"https:\/\/nebraskademocrats.org\/vi\/wp-json\/wp\/v2\/users\/19"}],"replies":[{"embeddable":true,"href":"https:\/\/nebraskademocrats.org\/vi\/wp-json\/wp\/v2\/comments?post=6618"}],"version-history":[{"count":0,"href":"https:\/\/nebraskademocrats.org\/vi\/wp-json\/wp\/v2\/posts\/6618\/revisions"}],"wp:attachment":[{"href":"https:\/\/nebraskademocrats.org\/vi\/wp-json\/wp\/v2\/media?parent=6618"}],"wp:term":[{"taxonomy":"category","embeddable":true,"href":"https:\/\/nebraskademocrats.org\/vi\/wp-json\/wp\/v2\/categories?post=6618"},{"taxonomy":"post_tag","embeddable":true,"href":"https:\/\/nebraskademocrats.org\/vi\/wp-json\/wp\/v2\/tags?post=6618"}],"curies":[{"name":"wp","href":"https:\/\/api.w.org\/{rel}","templated":true}]}}