{"id":7433,"date":"2019-02-08T15:22:35","date_gmt":"2019-02-08T21:22:35","guid":{"rendered":"https:\/\/nebraskadem.wpenginepowered.com\/?p=7433"},"modified":"2019-02-08T15:22:35","modified_gmt":"2019-02-08T21:22:35","slug":"starry-eyed-gaze-orange-crush-ricketts-racism-nebdems-news","status":"publish","type":"post","link":"https:\/\/nebraskademocrats.org\/vi\/blog\/starry-eyed-gaze-orange-crush-ricketts-racism-nebdems-news\/","title":{"rendered":"Starry-eyes Gaze \/ Orange Crush \/ Ricketts &#039;Racism - #NebDems News"},"content":{"rendered":"<p><img fetchpriority=\"high\" decoding=\"async\" class=\"size-medium wp-image-6838 aligncenter\" src=\"https:\/\/nebraskadem.wpenginepowered.com\/wp-content\/uploads\/2018\/12\/NebDems-News-4-300x167.png\" alt=\"\" width=\"300\" height=\"167\" srcset=\"https:\/\/nebraskademocrats.org\/wp-content\/uploads\/2018\/12\/NebDems-News-4-300x167.png 300w, https:\/\/nebraskademocrats.org\/wp-content\/uploads\/2018\/12\/NebDems-News-4-768x427.png 768w, https:\/\/nebraskademocrats.org\/wp-content\/uploads\/2018\/12\/NebDems-News-4-1024x569.png 1024w, https:\/\/nebraskademocrats.org\/wp-content\/uploads\/2018\/12\/NebDems-News-4.png 1081w\" sizes=\"(max-width: 300px) 100vw, 300px\" \/><\/p>\n<p>Nh\u1eefng ng\u01b0\u1eddi duy nh\u1ea5t v\u01b0\u1ee3t qua \u0111\u01b0\u1ee3c Di\u1ec5n v\u0103n Li\u00ean bang c\u1ee7a Trump m\u00e0 kh\u00f4ng nh\u0103n m\u1eb7t v\u00e0 c\u00f3 ch\u00fat bu\u1ed3n n\u00f4n l\u00e0 nh\u1eefng ng\u01b0\u1eddi c\u00f3 t\u01b0 t\u01b0\u1edfng \u0111\u00fang \u0111\u1eafn kh\u00f4ng xem.<\/p>\n<p>Tr\u01b0\u1edbc b\u00e0i ph\u00e1t bi\u1ec3u, ch\u00fang t\u00f4i t\u1ef1 h\u1ecfi li\u1ec7u ch\u00fang t\u00f4i s\u1ebd nh\u1eadn \u0111\u01b0\u1ee3c &quot;Teleprompter Trump&quot; an th\u1ea7n hay &quot;Twitter Trump&quot;. Than \u00f4i, anh ta v\u1eabn b\u00ecnh t\u0129nh - m\u1eb7c d\u00f9 lo\u1ea1n tr\u00ed - v\u00e0 c\u00f3 m\u1ed9t gi\u1ecdng \u0111i\u1ec7u h\u00f2a gi\u1ea3i kh\u00f3 nghe khi anh ta c\u1ea7u xin s\u1ef1 th\u1ed1ng nh\u1ea5t.<\/p>\n<p>Ph\u00f3 T\u1ed5ng th\u1ed1ng Pence ng\u1ed3i ph\u00eda sau Trump, b\u00ean ph\u1ea3i \u00f4ng, kh\u00f3a \u00e1nh m\u1eaft \u0111\u1ea7y sao v\u00e0o ph\u00eda sau h\u1ed9p s\u1ecd tr\u1ed1ng r\u1ed7ng c\u1ee7a \u00f4ng ch\u1ee7.<\/p>\n<p>B\u00ean tr\u00e1i c\u1ee7a Trump l\u00e0 Ch\u1ee7 t\u1ecbch H\u1ea1 vi\u1ec7n Nancy Pelosi tr\u00ean gh\u1ebf catbird v\u1edbi c\u00e1i nh\u00ecn xuy\u00ean th\u1ea5u &quot;ch\u1ec9 c\u1ea7n ch\u1edd \u0111\u1ee3i, c\u00f2n nhi\u1ec1u \u0111i\u1ec1u n\u1eefa s\u1ebd \u0111\u1ebfn&quot; khi c\u00f4 \u1ea5y tr\u1eebng m\u1eaft nh\u00ecn t\u1ed5ng th\u1ed1ng. *<\/p>\n<p><img decoding=\"async\" class=\"aligncenter\" title=\"\" src=\"https:\/\/can2-prod.s3.amazonaws.com\/uploads\/data\/000\/257\/113\/original\/WAPO2.png\" alt=\"\" width=\"450\" align=\"center\" \/><\/p>\n<p style=\"text-align: center;\">***<\/p>\n<p>M\u1ed9t t\u00e1c ph\u1ea9m h\u1ea5p d\u1eabn c\u1ee7a\u00a0<strong><a href=\"https:\/\/www.nytimes.com\/2019\/02\/02\/us\/politics\/trump-tan.html\">Katie Rogers c\u1ee7a The New York Times<\/a><\/strong>\u00a0\u0111i s\u00e2u v\u00e0o \u201c\u00e1nh s\u00e1ng r\u1ef1c r\u1ee1 nh\u01b0 \u00e1nh n\u1eafng m\u1eb7t tr\u1eddi d\u1ec5 th\u1ea5y c\u1ee7a Trump, m\u1ed9t \u00e1nh s\u00e1ng \u0111\u00e3 t\u1ecfa s\u00e1ng nh\u01b0 m\u1ed9t \u0111\u00e8n chi\u1ebfu s\u00e1ng tr\u00ean n\u1ec1n x\u00e1m c\u1ee7a Washington. Gi\u1ed1ng nh\u01b0 c\u00fa s\u1ed1c c\u1ee7a Warhol v\u1edbi m\u00e1i t\u00f3c b\u1ea1c tr\u1eafng hay b\u1ed9 l\u00f4ng ngh\u1ec7 t\u00e2y c\u1ee7a Big Bird, s\u1eafc th\u00e1i r\u1ef1c r\u1ee1 c\u1ee7a t\u1ed5ng th\u1ed1ng hi\u1ec7n di\u1ec7n m\u1ed9t c\u00e1ch nh\u1ea5t qu\u00e1n v\u00e0 \u0111\u01b0\u1ee3c duy tr\u00ec m\u1ed9t c\u00e1ch t\u1ec9 m\u1ec9 \u0111\u1ebfn m\u1ee9c n\u00f3 l\u00e0 m\u1ed9t \u0111\u1ea1i di\u1ec7n v\u0103n h\u00f3a c\u1ee7a \u00f4ng t\u1eeb r\u1ea5t l\u00e2u tr\u01b0\u1edbc khi \u00f4ng b\u01b0\u1edbc v\u00e0o ch\u00ednh tr\u01b0\u1eddng.<\/p>\n<p><em>B\u00f3ng r\u00e2m c\u1ee7a t\u1ed5ng th\u1ed1ng l\u00e0 m\u1ed9t b\u00f3ng r\u00e2m m\u00e0 Alec Baldwin, di\u1ec5n vi\u00ean \u0111\u00f3ng vai \u00f4ng Trump th\u01b0\u1eddng xuy\u00ean tr\u00ean \u201cSaturday Night Live\u201d, g\u1ea7n \u0111\u00e2y \u0111\u00e3 m\u00f4 t\u1ea3 l\u00e0 kho\u1ea3ng tr\u1ed1ng gi\u1eefa \u201cm\u00e0u cam c\u1ee7a Mark Rothko\u201d v\u00e0 \u201cm\u00e0u cam nh\u1ea1t h\u01a1n m\u1ed9t ch\u00fat\u201d, t\u00f9y thu\u1ed9c v\u00e0o b\u1ed1i c\u1ea3nh. Hi\u1ec7n t\u1ea1i l\u00e0 th\u00e1ng Hai \u1edf Washington.<\/em><\/p>\n<p><em>\u00d4ng Baldwin n\u00f3i trong m\u1ed9t cu\u1ed9c ph\u1ecfng v\u1ea5n: \u201cN\u01a1i n\u00e0o kh\u00f4ng thu\u1ed9c v\u00f9ng nhi\u1ec7t \u0111\u1edbi.<\/em><\/p>\n<p style=\"text-align: center;\">***<\/p>\n<p>\u0110\u00f3 l\u00e0 m\u1ed9t tu\u1ea7n tr\u1ecdng \u0111\u1ea1i t\u1ea1i NDP khi ch\u00fang t\u00f4i ch\u00e0o \u0111\u00f3n nh\u00e0 \u0111i\u1ec1u h\u00e0nh ch\u00ednh tr\u1ecb k\u1ef3 c\u1ef1u Jim Rogers l\u00e0m gi\u00e1m \u0111\u1ed1c \u0111i\u1ec1u h\u00e0nh m\u1edbi c\u1ee7a ch\u00fang t\u00f4i.<\/p>\n<p>\u201cJim c\u00f3 hi\u1ec3u bi\u1ebft s\u00e2u s\u1eafc v\u1ec1 b\u1ed1i c\u1ea3nh ch\u00ednh tr\u1ecb c\u1ee7a Nebraska v\u00e0 t\u00f4n tr\u1ecdng c\u00e1c ho\u1ea1t \u0111\u1ed9ng c\u1ee7a \u0111\u1ea3ng,\u201d Ch\u1ee7 t\u1ecbch NDP Jane Kleeb cho bi\u1ebft. \u201cKh\u1ea3 n\u0103ng l\u00e3nh \u0111\u1ea1o v\u00e0 k\u1ef9 n\u0103ng c\u1ee7a anh \u1ea5y l\u00e0 t\u00e0i s\u1ea3n kh\u1ed5ng l\u1ed3 khi ch\u00fang ta ti\u1ebfn t\u1edbi cu\u1ed9c b\u1ea7u c\u1eed \u1edf Th\u00e0nh ph\u1ed1 Lincoln n\u0103m 2019 v\u00e0 m\u00f9a tranh c\u1eed n\u0103m 2020.<\/p>\n<p>Rogers, ng\u01b0\u1eddi g\u1ea7n \u0111\u00e2y nh\u1ea5t l\u00e0m vi\u1ec7c cho Jane Raybould cho chi\u1ebfn d\u1ecbch Th\u01b0\u1ee3ng vi\u1ec7n Hoa K\u1ef3, l\u00e0 gi\u00e1m \u0111\u1ed1c \u0111i\u1ec1u h\u00e0nh c\u1ee7a NDP t\u1eeb n\u0103m 2009 \u0111\u1ebfn n\u0103m 2013. \u00d4ng c\u0169ng l\u00e0 gi\u00e1m \u0111\u1ed1c ch\u00ednh tr\u1ecb cho chi\u1ebfn d\u1ecbch th\u00e0nh c\u00f4ng n\u0103m 2014 c\u1ee7a Brad Ashford cho gh\u1ebf d\u00e2n bi\u1ec3u Qu\u1eadn 2 c\u1ee7a Nebraska v\u00e0 sau \u0111\u00f3 l\u00e0 gi\u00e1m \u0111\u1ed1c ti\u1ebfp c\u1eadn c\u1ed9ng \u0111\u1ed3ng c\u1ee7a Ashford .<\/p>\n<p>Ch\u00e0o m\u1eebng b\u1ea1n l\u00ean t\u00e0u!<\/p>\n<p style=\"text-align: center;\">***<\/p>\n<p>Joe Ricketts, cha c\u1ee7a Th\u1ed1ng \u0111\u1ed1c Pete \u201cGosh My Dad&#039;s Rich\u201d Ricketts, \u0111\u00e3 b\u01b0\u1edbc v\u00e0o cu\u1ed9c v\u00e0 bu\u1ed9c ph\u1ea3i c\u00f4ng khai xin l\u1ed7i sau khi\u00a0<a href=\"https:\/\/www.nytimes.com\/2019\/02\/05\/sports\/cubs-ricketts.html\"><strong>Th\u1eddi b\u00e1o New York<\/strong><\/a>\u00a0v\u00e0 c\u00e1c ph\u01b0\u01a1ng ti\u1ec7n truy\u1ec1n th\u00f4ng kh\u00e1c \u0111\u00e3 vi\u1ebft v\u1ec1 c\u00e1c email m\u00e0 anh ta g\u1eedi t\u1eadp trung v\u00e0o n\u1ed7i s\u1ee3 h\u00e3i c\u1ee7a ng\u01b0\u1eddi H\u1ed3i gi\u00e1o v\u00e0 ch\u1ee9a c\u00e1c thuy\u1ebft \u00e2m m\u01b0u v\u1ec1 c\u1ef1u T\u1ed5ng th\u1ed1ng Barack Obama, c\u00f9ng nh\u1eefng th\u1ee9 kh\u00e1c.<\/p>\n<p><img decoding=\"async\" class=\"alignleft\" title=\"\" src=\"https:\/\/can2-prod.s3.amazonaws.com\/uploads\/data\/000\/257\/114\/original\/joe_cartton.jpg\" alt=\"\" width=\"375\" align=\"left\" \/>Trong m\u1ed9t email, Ricketts vi\u1ebft r\u1eb1ng \u201cNg\u01b0\u1eddi theo \u0111\u1ea1o Thi\u00ean ch\u00faa v\u00e0 ng\u01b0\u1eddi Do Th\u00e1i c\u00f3 th\u1ec3 t\u00f4n tr\u1ecdng l\u1eabn nhau \u0111\u1ec3 t\u1ea1o ra m\u1ed9t x\u00e3 h\u1ed9i d\u00e2n s\u1ef1\u201d, nh\u01b0ng \u201c\u0110\u1ea1o H\u1ed3i kh\u00f4ng th\u1ec3 l\u00e0m \u0111i\u1ec1u \u0111\u00f3\u201d. \u00d4ng ti\u1ebfp t\u1ee5c vi\u1ebft r\u1eb1ng, &quot;ch\u00fang ta kh\u00f4ng th\u1ec3 \u0111\u1ec3 H\u1ed3i gi\u00e1o tr\u1edf th\u00e0nh m\u1ed9t ph\u1ea7n l\u1edbn trong x\u00e3 h\u1ed9i c\u1ee7a ch\u00fang ta,&quot; v\u00e0 &quot;Ng\u01b0\u1eddi H\u1ed3i gi\u00e1o \u0111\u01b0\u01a1ng nhi\u00ean l\u00e0 k\u1ebb th\u00f9 c\u1ee7a t\u00f4i (c\u1ee7a ch\u00fang ta).&quot;<\/p>\n<p>Anh ta c\u0169ng th\u01b0\u1eddng ch\u1ec9 ra r\u1eb1ng anh ta c\u1ea3m th\u1ea5y th\u00edch th\u00fa v\u1edbi nh\u1eefng tr\u00f2 \u0111\u00f9a ph\u00e2n bi\u1ec7t ch\u1ee7ng t\u1ed9c do nh\u1eefng ng\u01b0\u1eddi kh\u00e1c g\u1eedi cho anh ta, coi m\u1ed9t ng\u01b0\u1eddi m\u00e0 \u0111\u01b0\u1eddng \u0111\u1ed9t l\u00e0 m\u1ed9t l\u1eddi n\u00f3i t\u1ee5c t\u0129u v\u1ec1 ch\u1ee7ng t\u1ed9c l\u00e0 m\u1ed9t &quot;ti\u1ebfng c\u01b0\u1eddi tuy\u1ec7t v\u1eddi&quot;, theo\u00a0<a href=\"https:\/\/www.washingtonpost.com\/nation\/2019\/02\/06\/gop-mega-donors-islamophobic-conspiracy-emails-are-major-headache-chicago-cubs\/?noredirect=on&amp;utm_term=.482f47661414\"><strong>B\u01b0u \u0111i\u1ec7n Washington<\/strong><\/a><strong>.<\/strong><\/p>\n<p>T\u1ea5t c\u1ea3 nh\u1eefng \u0111i\u1ec1u n\u00e0y \u0111\u00e3 khi\u1ebfn Ch\u1ee7 t\u1ecbch NDP Jane Kleeb y\u00eau c\u1ea7u Nebraska GOP, \u0110\u1ea1i bi\u1ec3u Hoa K\u1ef3 Don Bacon v\u00e0 Adrian Smith, Th\u01b0\u1ee3ng ngh\u1ecb s\u0129 Ben Sasse v\u00e0 c\u00e1c \u0111\u1ea3ng vi\u00ean C\u1ed9ng h\u00f2a kh\u00e1c tr\u1ea3 l\u1ea1i h\u00e0ng ngh\u00ecn \u0111\u00f4 la quy\u00ean g\u00f3p m\u00e0 h\u1ecd nh\u1eadn \u0111\u01b0\u1ee3c t\u1eeb t\u1ef7 ph\u00fa.<\/p>\n<p>Ch\u00fang t\u00f4i s\u1ebd g\u1eedi \u0111i\u1ec1u \u0111\u00f3 trong ph\u1ea7n \u201cXoa \u0111\u00e8n v\u00e0 th\u1ef1c hi\u1ec7n m\u1ed9t \u0111i\u1ec1u \u01b0\u1edbc\u201d.<\/p>\n<p>N\u00f3i c\u00e1ch kh\u00e1c, \u0111\u1eebng n\u00edn th\u1edf<\/p>\n<p style=\"text-align: center;\"><strong>***<\/strong><\/p>\n<p>Th\u01b0\u1ee3ng ngh\u1ecb s\u0129 Lincoln Adam Morfeld \u0111\u00e3 \u0111\u01b0a ra l\u1eddi m\u1eddi \u201cth\u1ed1ng \u0111\u1ed1c v\u00e0 t\u1ed5ng ch\u01b0\u1edfng l\u00fd (v\u00e0 m\u1ed9t hu\u1ea5n luy\u1ec7n vi\u00ean b\u00f3ng \u0111\u00e1 m\u00e0 h\u1ecd l\u1ef1a ch\u1ecdn!)\u201d \u0110\u1ec3 tranh lu\u1eadn v\u1ec1 c\u1ea7n sa y t\u1ebf v\u1edbi \u00f4ng v\u00e0 Th\u01b0\u1ee3ng ngh\u1ecb s\u0129 Anna Wishart.<\/p>\n<p><img decoding=\"async\" class=\"aligncenter\" title=\"\" src=\"https:\/\/can2-prod.s3.amazonaws.com\/uploads\/data\/000\/257\/120\/original\/letter_cropped.png\" alt=\"\" width=\"400\" align=\"center\" \/>Tham chi\u1ebfu trong ngo\u1eb7c \u0111\u01a1n l\u00e0 c\u1ef1u Hu\u1ea5n luy\u1ec7n vi\u00ean b\u00f3ng \u0111\u00e1 Nebraska Tom Osborne, ng\u01b0\u1eddi \u0111\u00e3 l\u00e0m ch\u1ee9ng ch\u1ed1ng l\u1ea1i\u00a0<a href=\"https:\/\/www.nebraskalegislature.gov\/bills\/view_bill.php?DocumentID=37628\"><strong>h\u00f3a \u0111\u01a1n c\u1ea7n sa y t\u1ebf<\/strong><\/a>, \u0111i\u1ec1u n\u00e0y s\u1ebd cho ph\u00e9p c\u00e1c b\u00e1c s\u0129 k\u00ea \u0111\u01a1n c\u1ea7n sa cho b\u1ec7nh nh\u00e2n trong danh s\u00e1ch c\u00e1c \u0111i\u1ec1u ki\u1ec7n y t\u1ebf \u0111\u00e3 \u0111\u01b0\u1ee3c ph\u00ea duy\u1ec7t.<\/p>\n<p>\u0110\u1eebng n\u00edn th\u1edf.<\/p>\n<p style=\"text-align: center;\"><strong>***<\/strong><\/p>\n<p>Chia tay Ann Boyle, c\u1ef1u ch\u1ee7 t\u1ecbch NDP v\u00e0 \u1ee6y vi\u00ean D\u1ecbch v\u1ee5 C\u00f4ng c\u1ed9ng. C\u00f4 \u1ea5y l\u00e0 m\u1ed9t \u0111\u1ea3ng vi\u00ean D\u00e2n ch\u1ee7 th\u1ef1c s\u1ef1 v\u00e0 l\u00e0 m\u1ed9t c\u00f4ng ch\u1ee9c tuy\u1ec7t v\u1eddi. C\u00f4 \u1ea5y \u0111\u00e3 t\u1ea1o ra m\u1ed9t con \u0111\u01b0\u1eddng cho ph\u1ee5 n\u1eef trong ch\u00ednh tr\u1ecb. C\u00f4 \u1ea5y \u0111\u00e3 b\u1ecb b\u1ecf l\u1ee1.<\/p>\n<p>L\u1ec5 vi\u1ebfng s\u1ebd di\u1ec5n ra t\u1eeb 9 \u0111\u1ebfn 11 gi\u1edd s\u00e1ng Th\u1ee9 B\u1ea3y, t\u1ea1i Heafey Hoffmann Dworak &amp; Cutler Mortuaries, 7805 West Center Road, Omaha. C\u00e1c d\u1ecbch v\u1ee5 tang l\u1ec5 c\u1ee7a c\u00f4 theo sau.<\/p>\n<p style=\"text-align: center;\"><strong>***<\/strong><\/p>\n<p>Ch\u00fang t\u00f4i k\u1ebft th\u00fac b\u1eb1ng c\u00e1ch truy c\u1eadp l\u1ea1i\u00a0<a href=\"https:\/\/www.axios.com\/donald-trump-private-schedules-leak-executive-time-34e67fbb-3af6-48df-aefb-52e02c334255.html\"><strong>Axios r\u00f2 r\u1ec9 l\u1ecbch tr\u00ecnh \u0111i\u1ec1u h\u00e0nh c\u1ee7a Trump<\/strong><\/a>, \u0111i\u1ec1u n\u00e0y cho th\u1ea5y ch\u1ee7 t\u1ecbch * ng\u00e0y c\u00e0ng nh\u1ea5n m\u1ea1nh v\u00e0o \u201cTh\u1eddi gian \u0111i\u1ec1u h\u00e0nh\u201d kh\u00f4ng c\u00f3 c\u1ea5u tr\u00fac - \u0111\u1ec3 anh ta m\u1ed9t m\u00ecnh v\u1edbi \u201cnh\u1eefng suy ngh\u0129\u201d c\u1ee7a m\u00ecnh, \u0111i\u1ec1u n\u00e0y th\u1ef1c s\u1ef1 kinh ho\u00e0ng.<\/p>\n<p>M\u1ed9t s\u1ed1 ng\u00e0y, th\u1eddi gian \u0111i\u1ec1u h\u00e0nh chi\u1ebfm \u01b0u th\u1ebf ho\u00e0n to\u00e0n. V\u00ed d\u1ee5, \u00f4ng c\u00f3 m\u1ed9t gi\u1edd h\u1ecdp theo l\u1ecbch tr\u00ecnh v\u00e0o ng\u00e0y 18 th\u00e1ng 1 (v\u1edbi quy\u1ec1n tham m\u01b0u tr\u01b0\u1edfng Mick Mulvaney v\u00e0 B\u1ed9 tr\u01b0\u1edfng Ng\u00e2n kh\u1ed1 Steve Mnuchin) v\u00e0 b\u1ea3y gi\u1edd trong Th\u1eddi gian \u0111i\u1ec1u h\u00e0nh.<\/p>\n<p>M\u1ed9t ng\u00e0y sau k\u1ef3 gi\u1eefa nhi\u1ec7m k\u1ef3, l\u1ecbch tr\u00ecnh c\u1ee7a Trump c\u00f3 30 ph\u00fat cho m\u1ed9t cu\u1ed9c h\u1ecdp ch\u00e1nh v\u0103n ph\u00f2ng v\u00e0 h\u01a1n b\u1ea3y gi\u1edd cho Th\u1eddi gian \u0111i\u1ec1u h\u00e0nh.<\/p>\n<p>\u0110i\u1ec1u n\u00e0y kh\u00f4ng \u0111\u01b0\u1ee3c ch\u00fa \u00fd b\u1edfi\u00a0<a href=\"https:\/\/www.esquire.com\/news-politics\/politics\/a26133268\/trump-executive-time-schedule-leaked-backstabbing\/\"><strong>Charles Pierce c\u1ee7a Esquire<\/strong><\/a>, ng\u01b0\u1eddi m\u00e0 th\u00e1i \u0111\u1ed9 coi th\u01b0\u1eddng m\u1ecdi th\u1ee9 c\u1ee7a Trump l\u00e0 huy\u1ec1n tho\u1ea1i - v\u00e0 d\u1ec5 hi\u1ec3u nh\u1ea5t.<\/p>\n<p><em>N\u1ebfu b\u1ea1n l\u00e0 m\u1ed9t nh\u00e2n vi\u00ean b\u1ea5t m\u00e3n v\u1edbi m\u1ed9t ho\u1ea1t \u0111\u1ed9ng ho\u00e0n to\u00e0n kh\u00f4ng ho\u1ea1t \u0111\u1ed9ng v\u00e0 b\u1ea1n mu\u1ed1n tr\u1ea3 th\u00f9 ch\u00ednh m\u00ecnh v\u1edbi k\u1ebb b\u1ea5t t\u00e0i \u1edf \u0111\u1ea7u b\u1ea3ng x\u1ebfp h\u1ea1ng chi\u1ec1u s\u00e2u c\u00f4ng ty, b\u1ea1n c\u00f3 th\u1ec3 s\u1eafp x\u1ebfp \u0111\u1ec3 c\u1ea3 th\u1ebf gi\u1edbi bi\u1ebft r\u1eb1ng k\u1ebb b\u1ea5t t\u00e0i c\u0169ng l\u00e0 m\u1ed9t con s\u00ean r\u1ea5t l\u01b0\u1eddi bi\u1ebfng. ng\u01b0\u1eddi c\u00f3 th\u1ec3 \u00edt quan t\u00e2m \u0111\u1ebfn c\u00e1c ngh\u0129a v\u1ee5 trong c\u00f4ng vi\u1ec7c c\u1ee7a m\u00ecnh.<\/em><em><br \/>\n<\/em><em><br \/>\n<\/em><em>Ch\u00e0o m\u1eebng b\u1ea1n \u0111\u1ebfn v\u1edbi Ch\u00ednh ph\u1ee7 Hoa K\u1ef3, Ban \u0111i\u1ec1u h\u00e0nh chi nh\u00e1nh.<\/em><\/p>\n<p><em>\u0110\u00e2y l\u00e0 m\u1ed9t s\u1ef1 thi\u1ebfu trung th\u00e0nh \u0111\u00e1ng kinh ng\u1ea1c c\u1ee7a th\u1ec3 ch\u1ebf v\u00e0 l\u00e0 m\u1ed9t ph\u1ea7n l\u1edbn c\u1ee7a s\u1ef1 ph\u00e1 ho\u1ea1i chuy\u00ean nghi\u1ec7p. \u1ede Tr\u1ea1i Runamuck, c\u0169ng theo Axios, h\u1ecd \u0111ang s\u1ee3 h\u00e3i, t\u1ef1 h\u1ecfi khi n\u00e0o con dao ti\u1ebfp theo \u1edf ph\u00eda sau s\u1ebd lao t\u1edbi. Ch\u00fang ta \u0111ang \u0111i \u0111\u1ebfn \u0111i\u1ec3m m\u00e0 nh\u1eefng ng\u01b0\u1eddi mu\u1ed1n s\u1ef1 nghi\u1ec7p trong ch\u00ednh ph\u1ee7 sau khi m\u1ecdi chuy\u1ec7n tr\u00f4i qua s\u1ebd b\u1eaft \u0111\u1ea7u \u0111\u1ed1t ch\u00e1y m\u1ed1i quan h\u1ec7 c\u1ee7a h\u1ecd v\u1edbi nh\u1eefng ng\u01b0\u1eddi b\u1ea1n truy\u1ec1n th\u00f4ng c\u1ee7a h\u1ecd.<\/em><\/p>\n<p><em>\u0110i\u1ec1u n\u00e0y s\u1ebd khi\u1ebfn Borgia tr\u1edf n\u00ean x\u1ea5u x\u00ed. Nh\u1eefng ng\u01b0\u1eddi n\u1ebfm th\u1ee9c \u0103n s\u1ebd tr\u1edf n\u00ean gi\u00e0u c\u00f3.<\/em><\/p>\n<p>\u2013By Kevin O&#039;Hanlon \/ Gi\u00e1m \u0111\u1ed1c Truy\u1ec1n th\u00f4ng NDP<\/p>\n<p style=\"text-align: center;\"><strong>###<\/strong><\/p>\n<p><strong>NH\u1eeeNG NG\u00c0Y QUAN TR\u1eccNG<\/strong><\/p>\n<p><strong>Ng\u00e0y 9 th\u00e1ng 2<\/strong>:\u00a0<a href=\"https:\/\/www.facebook.com\/events\/479194195942209\/\">B\u00ecnh \u0111\u1eb3ng cho t\u1ea5t c\u1ea3 c\u00e1c cu\u1ed9c \u0111ua \/ Th\u00e1ng ba c\u1ee7a ph\u1ee5 n\u1eef tr\u00ean Grand Island<\/a><\/p>\n<p><strong>Ng\u00e0y 9 th\u00e1ng 2:<\/strong>\u00a0<a href=\"https:\/\/www.omaha.com\/news\/metro\/former-public-service-commissioner-state-democratic-party-chair-anne-boyle\/article_84f0f329-4ba1-556c-a183-9f410f367ac4.html\">L\u1ec5 t\u01b0\u1edfng ni\u1ec7m Ann Boyle v\u00e0 l\u1ec5 tang<\/a><\/p>\n<p><strong>Ng\u00e0y 23 th\u00e1ng 2:<\/strong>\u00a0<a href=\"https:\/\/www.facebook.com\/events\/1205579942953720\/\">\u0110\u00e0o t\u1ea1o NDP: \u0110\u0103ng k\u00fd c\u1eed tri, Gi\u00e1o d\u1ee5c c\u1eed tri, B\u1ecf phi\u1ebfu qua th\u01b0<\/a><\/p>\n<p><strong>9 th\u00e1ng 3:<\/strong>\u00a0<a href=\"https:\/\/www.facebook.com\/events\/233606117557338\/\">\u0110\u00e0o t\u1ea1o NDP: \u0110\u00e0o t\u1ea1o v\u1ec1 m\u1ed1i quan t\u00e2m c\u1ee7a \u1ee9ng vi\u00ean<\/a><\/p>\n<p><strong>Ng\u00e0y 10 th\u00e1ng ba:<\/strong>\u00a0<a href=\"https:\/\/www.facebook.com\/events\/1958691124425442\">\u0110\u00e0o t\u1ea1o NDP: \u0110\u00e0o t\u1ea1o \u0110\u1ed9i tr\u01b0\u1edfng<\/a><\/p>\n<p><strong>Ng\u00e0y 29-31 th\u00e1ng 3:<\/strong>\u00a0<a href=\"https:\/\/www.facebook.com\/events\/317321469124318\/\">H\u1ed9i ngh\u1ecb \u1ee6y ban Trung \u01b0\u01a1ng Nh\u00e0 n\u01b0\u1edbc, c\u00e1c cu\u1ed9c h\u1ecdp \u0111\u00e0o t\u1ea1o v\u00e0 h\u1ecdp k\u00edn<\/a><\/p>\n<p><strong>8 th\u00e1ng T\u01b0:<\/strong>\u00a0<a href=\"https:\/\/www.facebook.com\/events\/264553561052651\/\">NDP ch\u00e0o c\u00e1c Th\u01b0\u1ee3ng ngh\u1ecb s\u0129 Ti\u1ec3u bang<\/a><\/p>\n<p><strong>9 th\u00e1ng 4:<\/strong>\u00a0Cu\u1ed9c b\u1ea7u c\u1eed s\u01a1 b\u1ed9 c\u1ee7a Th\u00e0nh ph\u1ed1 Lincoln<\/p>\n<p><strong>7 th\u00e1ng 5:<\/strong>\u00a0T\u1ed5ng tuy\u1ec3n c\u1eed th\u00e0nh ph\u1ed1 Lincoln<\/p>\n<p>&nbsp;<\/p>","protected":false},"excerpt":{"rendered":"<p>The only people who made it through Trump\u2019s State of the Union Address without at least grimacing and a hint of nausea were those right-minded folks who didn\u2019t watch. Before the speech, we wondered whether we would get the sedated \u201cTeleprompter Trump\u201d or the unhinged \u201cTwitter Trump.\u201d Alas, he remained calm &#8212; albeit deranged &#8212; &#8230; <a title=\"Starry-eyed Gaze\/Orange Crush\/Ricketts&#8217; Racism &#8211; #NebDems News\" class=\"read-more\" href=\"https:\/\/nebraskademocrats.org\/vi\/blog\/starry-eyed-gaze-orange-crush-ricketts-racism-nebdems-news\/\" aria-label=\"More on Starry-eyed Gaze\/Orange Crush\/Ricketts&#8217; Racism &#8211; #NebDems News\">\u0110\u1ecdc th\u00eam<\/a><\/p>","protected":false},"author":19,"featured_media":0,"comment_status":"closed","ping_status":"closed","sticky":false,"template":"","format":"standard","meta":{"_acf_changed":false,"_exactmetrics_skip_tracking":false,"_exactmetrics_sitenote_active":false,"_exactmetrics_sitenote_note":"","_exactmetrics_sitenote_category":0,"footnotes":""},"categories":[1],"tags":[],"class_list":["post-7433","post","type-post","status-publish","format-standard","hentry","category-blog"],"acf":[],"yoast_head":"<!-- This site is optimized with the Yoast SEO plugin v27.5 - https:\/\/yoast.com\/product\/yoast-seo-wordpress\/ -->\n<title>Starry-eyed Gaze\/Orange Crush\/Ricketts&#039; Racism - #NebDems News &#8211; Nebraska Democratic Party<\/title>\n<meta name=\"robots\" content=\"index, follow, max-snippet:-1, max-image-preview:large, max-video-preview:-1\" \/>\n<link rel=\"canonical\" href=\"https:\/\/nebraskademocrats.org\/vi\/blog\/starry-eyed-gaze-orange-crush-ricketts-racism-nebdems-news\/\" \/>\n<meta property=\"og:locale\" content=\"vi_VN\" \/>\n<meta property=\"og:type\" content=\"article\" \/>\n<meta property=\"og:title\" content=\"Starry-eyed Gaze\/Orange Crush\/Ricketts&#039; Racism - #NebDems News &#8211; Nebraska Democratic Party\" \/>\n<meta property=\"og:description\" content=\"The only people who made it through Trump\u2019s State of the Union Address without at least grimacing and a hint of nausea were those right-minded folks who didn\u2019t watch. Before the speech, we wondered whether we would get the sedated \u201cTeleprompter Trump\u201d or the unhinged \u201cTwitter Trump.\u201d Alas, he remained calm &#8212; albeit deranged &#8212; ... Read more\" \/>\n<meta property=\"og:url\" content=\"https:\/\/nebraskademocrats.org\/vi\/blog\/starry-eyed-gaze-orange-crush-ricketts-racism-nebdems-news\/\" \/>\n<meta property=\"og:site_name\" content=\"Nebraska Democratic Party\" \/>\n<meta property=\"article:publisher\" content=\"https:\/\/www.facebook.com\/NebraskaDemocraticParty\/\" \/>\n<meta property=\"article:published_time\" content=\"2019-02-08T21:22:35+00:00\" \/>\n<meta property=\"og:image\" content=\"https:\/\/nebraskadem.wpenginepowered.com\/wp-content\/uploads\/2018\/12\/NebDems-News-4-300x167.png\" \/>\n<meta name=\"author\" content=\"Precious McKesson\" \/>\n<meta name=\"twitter:card\" content=\"summary_large_image\" \/>\n<meta name=\"twitter:creator\" content=\"@nebraskadems\" \/>\n<meta name=\"twitter:site\" content=\"@nebraskadems\" \/>\n<meta name=\"twitter:label1\" content=\"\u0110\u01b0\u1ee3c vi\u1ebft b\u1edfi\" \/>\n\t<meta name=\"twitter:data1\" content=\"Precious McKesson\" \/>\n\t<meta name=\"twitter:label2\" content=\"\u01af\u1edbc t\u00ednh th\u1eddi gian \u0111\u1ecdc\" \/>\n\t<meta name=\"twitter:data2\" content=\"5 ph\u00fat\" \/>\n<script type=\"application\/ld+json\" class=\"yoast-schema-graph\">{\"@context\":\"https:\\\/\\\/schema.org\",\"@graph\":[{\"@type\":\"Article\",\"@id\":\"https:\\\/\\\/nebraskademocrats.org\\\/blog\\\/starry-eyed-gaze-orange-crush-ricketts-racism-nebdems-news\\\/#article\",\"isPartOf\":{\"@id\":\"https:\\\/\\\/nebraskademocrats.org\\\/blog\\\/starry-eyed-gaze-orange-crush-ricketts-racism-nebdems-news\\\/\"},\"author\":{\"name\":\"Precious McKesson\",\"@id\":\"https:\\\/\\\/nebraskademocrats.org\\\/#\\\/schema\\\/person\\\/33e011ea0795f404810dc40828bcf289\"},\"headline\":\"Starry-eyed Gaze\\\/Orange Crush\\\/Ricketts&#8217; Racism &#8211; #NebDems News\",\"datePublished\":\"2019-02-08T21:22:35+00:00\",\"mainEntityOfPage\":{\"@id\":\"https:\\\/\\\/nebraskademocrats.org\\\/blog\\\/starry-eyed-gaze-orange-crush-ricketts-racism-nebdems-news\\\/\"},\"wordCount\":1036,\"publisher\":{\"@id\":\"https:\\\/\\\/nebraskademocrats.org\\\/#organization\"},\"image\":{\"@id\":\"https:\\\/\\\/nebraskademocrats.org\\\/blog\\\/starry-eyed-gaze-orange-crush-ricketts-racism-nebdems-news\\\/#primaryimage\"},\"thumbnailUrl\":\"https:\\\/\\\/nebraskadem.wpenginepowered.com\\\/wp-content\\\/uploads\\\/2018\\\/12\\\/NebDems-News-4-300x167.png\",\"articleSection\":[\"NDP Blog\"],\"inLanguage\":\"vi\"},{\"@type\":\"WebPage\",\"@id\":\"https:\\\/\\\/nebraskademocrats.org\\\/blog\\\/starry-eyed-gaze-orange-crush-ricketts-racism-nebdems-news\\\/\",\"url\":\"https:\\\/\\\/nebraskademocrats.org\\\/blog\\\/starry-eyed-gaze-orange-crush-ricketts-racism-nebdems-news\\\/\",\"name\":\"Starry-eyed Gaze\\\/Orange Crush\\\/Ricketts' Racism - #NebDems News &#8211; Nebraska Democratic Party\",\"isPartOf\":{\"@id\":\"https:\\\/\\\/nebraskademocrats.org\\\/#website\"},\"primaryImageOfPage\":{\"@id\":\"https:\\\/\\\/nebraskademocrats.org\\\/blog\\\/starry-eyed-gaze-orange-crush-ricketts-racism-nebdems-news\\\/#primaryimage\"},\"image\":{\"@id\":\"https:\\\/\\\/nebraskademocrats.org\\\/blog\\\/starry-eyed-gaze-orange-crush-ricketts-racism-nebdems-news\\\/#primaryimage\"},\"thumbnailUrl\":\"https:\\\/\\\/nebraskadem.wpenginepowered.com\\\/wp-content\\\/uploads\\\/2018\\\/12\\\/NebDems-News-4-300x167.png\",\"datePublished\":\"2019-02-08T21:22:35+00:00\",\"breadcrumb\":{\"@id\":\"https:\\\/\\\/nebraskademocrats.org\\\/blog\\\/starry-eyed-gaze-orange-crush-ricketts-racism-nebdems-news\\\/#breadcrumb\"},\"inLanguage\":\"vi\",\"potentialAction\":[{\"@type\":\"ReadAction\",\"target\":[\"https:\\\/\\\/nebraskademocrats.org\\\/blog\\\/starry-eyed-gaze-orange-crush-ricketts-racism-nebdems-news\\\/\"]}]},{\"@type\":\"ImageObject\",\"inLanguage\":\"vi\",\"@id\":\"https:\\\/\\\/nebraskademocrats.org\\\/blog\\\/starry-eyed-gaze-orange-crush-ricketts-racism-nebdems-news\\\/#primaryimage\",\"url\":\"https:\\\/\\\/nebraskadem.wpenginepowered.com\\\/wp-content\\\/uploads\\\/2018\\\/12\\\/NebDems-News-4-300x167.png\",\"contentUrl\":\"https:\\\/\\\/nebraskadem.wpenginepowered.com\\\/wp-content\\\/uploads\\\/2018\\\/12\\\/NebDems-News-4-300x167.png\"},{\"@type\":\"BreadcrumbList\",\"@id\":\"https:\\\/\\\/nebraskademocrats.org\\\/blog\\\/starry-eyed-gaze-orange-crush-ricketts-racism-nebdems-news\\\/#breadcrumb\",\"itemListElement\":[{\"@type\":\"ListItem\",\"position\":1,\"name\":\"Home\",\"item\":\"https:\\\/\\\/nebraskademocrats.org\\\/\"},{\"@type\":\"ListItem\",\"position\":2,\"name\":\"Starry-eyed Gaze\\\/Orange Crush\\\/Ricketts&#8217; Racism &#8211; #NebDems News\"}]},{\"@type\":\"WebSite\",\"@id\":\"https:\\\/\\\/nebraskademocrats.org\\\/#website\",\"url\":\"https:\\\/\\\/nebraskademocrats.org\\\/\",\"name\":\"Nebraska Democratic Party\",\"description\":\"Growing the Good Life for All Nebraskans\",\"publisher\":{\"@id\":\"https:\\\/\\\/nebraskademocrats.org\\\/#organization\"},\"potentialAction\":[{\"@type\":\"SearchAction\",\"target\":{\"@type\":\"EntryPoint\",\"urlTemplate\":\"https:\\\/\\\/nebraskademocrats.org\\\/?s={search_term_string}\"},\"query-input\":{\"@type\":\"PropertyValueSpecification\",\"valueRequired\":true,\"valueName\":\"search_term_string\"}}],\"inLanguage\":\"vi\"},{\"@type\":\"Organization\",\"@id\":\"https:\\\/\\\/nebraskademocrats.org\\\/#organization\",\"name\":\"Nebraska Democratic Party\",\"url\":\"https:\\\/\\\/nebraskademocrats.org\\\/\",\"logo\":{\"@type\":\"ImageObject\",\"inLanguage\":\"vi\",\"@id\":\"https:\\\/\\\/nebraskademocrats.org\\\/#\\\/schema\\\/logo\\\/image\\\/\",\"url\":\"https:\\\/\\\/nebraskadem.wpenginepowered.com\\\/wp-content\\\/uploads\\\/2016\\\/05\\\/NDP2.jpg\",\"contentUrl\":\"https:\\\/\\\/nebraskadem.wpenginepowered.com\\\/wp-content\\\/uploads\\\/2016\\\/05\\\/NDP2.jpg\",\"width\":1000,\"height\":396,\"caption\":\"Nebraska Democratic Party\"},\"image\":{\"@id\":\"https:\\\/\\\/nebraskademocrats.org\\\/#\\\/schema\\\/logo\\\/image\\\/\"},\"sameAs\":[\"https:\\\/\\\/www.facebook.com\\\/NebraskaDemocraticParty\\\/\",\"https:\\\/\\\/x.com\\\/nebraskadems\"]},{\"@type\":\"Person\",\"@id\":\"https:\\\/\\\/nebraskademocrats.org\\\/#\\\/schema\\\/person\\\/33e011ea0795f404810dc40828bcf289\",\"name\":\"Precious McKesson\",\"image\":{\"@type\":\"ImageObject\",\"inLanguage\":\"vi\",\"@id\":\"https:\\\/\\\/secure.gravatar.com\\\/avatar\\\/35046e19b3373116ec64c07d386d3312028d3820dc0ffe65c344bcebc8ea9194?s=96&d=mm&r=g\",\"url\":\"https:\\\/\\\/secure.gravatar.com\\\/avatar\\\/35046e19b3373116ec64c07d386d3312028d3820dc0ffe65c344bcebc8ea9194?s=96&d=mm&r=g\",\"contentUrl\":\"https:\\\/\\\/secure.gravatar.com\\\/avatar\\\/35046e19b3373116ec64c07d386d3312028d3820dc0ffe65c344bcebc8ea9194?s=96&d=mm&r=g\",\"caption\":\"Precious McKesson\"}}]}<\/script>\n<!-- \/ Yoast SEO plugin. -->","yoast_head_json":{"title":"Starry-eyed Gaze\/Orange Crush\/Ricketts' Racism - #NebDems News &#8211; Nebraska Democratic Party","robots":{"index":"index","follow":"follow","max-snippet":"max-snippet:-1","max-image-preview":"max-image-preview:large","max-video-preview":"max-video-preview:-1"},"canonical":"https:\/\/nebraskademocrats.org\/vi\/blog\/starry-eyed-gaze-orange-crush-ricketts-racism-nebdems-news\/","og_locale":"vi_VN","og_type":"article","og_title":"Starry-eyed Gaze\/Orange Crush\/Ricketts' Racism - #NebDems News &#8211; Nebraska Democratic Party","og_description":"The only people who made it through Trump\u2019s State of the Union Address without at least grimacing and a hint of nausea were those right-minded folks who didn\u2019t watch. Before the speech, we wondered whether we would get the sedated \u201cTeleprompter Trump\u201d or the unhinged \u201cTwitter Trump.\u201d Alas, he remained calm &#8212; albeit deranged &#8212; ... Read more","og_url":"https:\/\/nebraskademocrats.org\/vi\/blog\/starry-eyed-gaze-orange-crush-ricketts-racism-nebdems-news\/","og_site_name":"Nebraska Democratic Party","article_publisher":"https:\/\/www.facebook.com\/NebraskaDemocraticParty\/","article_published_time":"2019-02-08T21:22:35+00:00","og_image":[{"url":"https:\/\/nebraskadem.wpenginepowered.com\/wp-content\/uploads\/2018\/12\/NebDems-News-4-300x167.png","type":"","width":"","height":""}],"author":"Precious McKesson","twitter_card":"summary_large_image","twitter_creator":"@nebraskadems","twitter_site":"@nebraskadems","twitter_misc":{"\u0110\u01b0\u1ee3c vi\u1ebft b\u1edfi":"Precious McKesson","\u01af\u1edbc t\u00ednh th\u1eddi gian \u0111\u1ecdc":"5 ph\u00fat"},"schema":{"@context":"https:\/\/schema.org","@graph":[{"@type":"Article","@id":"https:\/\/nebraskademocrats.org\/blog\/starry-eyed-gaze-orange-crush-ricketts-racism-nebdems-news\/#article","isPartOf":{"@id":"https:\/\/nebraskademocrats.org\/blog\/starry-eyed-gaze-orange-crush-ricketts-racism-nebdems-news\/"},"author":{"name":"Precious McKesson","@id":"https:\/\/nebraskademocrats.org\/#\/schema\/person\/33e011ea0795f404810dc40828bcf289"},"headline":"Starry-eyed Gaze\/Orange Crush\/Ricketts&#8217; Racism &#8211; #NebDems News","datePublished":"2019-02-08T21:22:35+00:00","mainEntityOfPage":{"@id":"https:\/\/nebraskademocrats.org\/blog\/starry-eyed-gaze-orange-crush-ricketts-racism-nebdems-news\/"},"wordCount":1036,"publisher":{"@id":"https:\/\/nebraskademocrats.org\/#organization"},"image":{"@id":"https:\/\/nebraskademocrats.org\/blog\/starry-eyed-gaze-orange-crush-ricketts-racism-nebdems-news\/#primaryimage"},"thumbnailUrl":"https:\/\/nebraskadem.wpenginepowered.com\/wp-content\/uploads\/2018\/12\/NebDems-News-4-300x167.png","articleSection":["NDP Blog"],"inLanguage":"vi"},{"@type":"WebPage","@id":"https:\/\/nebraskademocrats.org\/blog\/starry-eyed-gaze-orange-crush-ricketts-racism-nebdems-news\/","url":"https:\/\/nebraskademocrats.org\/blog\/starry-eyed-gaze-orange-crush-ricketts-racism-nebdems-news\/","name":"Starry-eyed Gaze\/Orange Crush\/Ricketts' Racism - #NebDems News &#8211; Nebraska Democratic Party","isPartOf":{"@id":"https:\/\/nebraskademocrats.org\/#website"},"primaryImageOfPage":{"@id":"https:\/\/nebraskademocrats.org\/blog\/starry-eyed-gaze-orange-crush-ricketts-racism-nebdems-news\/#primaryimage"},"image":{"@id":"https:\/\/nebraskademocrats.org\/blog\/starry-eyed-gaze-orange-crush-ricketts-racism-nebdems-news\/#primaryimage"},"thumbnailUrl":"https:\/\/nebraskadem.wpenginepowered.com\/wp-content\/uploads\/2018\/12\/NebDems-News-4-300x167.png","datePublished":"2019-02-08T21:22:35+00:00","breadcrumb":{"@id":"https:\/\/nebraskademocrats.org\/blog\/starry-eyed-gaze-orange-crush-ricketts-racism-nebdems-news\/#breadcrumb"},"inLanguage":"vi","potentialAction":[{"@type":"ReadAction","target":["https:\/\/nebraskademocrats.org\/blog\/starry-eyed-gaze-orange-crush-ricketts-racism-nebdems-news\/"]}]},{"@type":"ImageObject","inLanguage":"vi","@id":"https:\/\/nebraskademocrats.org\/blog\/starry-eyed-gaze-orange-crush-ricketts-racism-nebdems-news\/#primaryimage","url":"https:\/\/nebraskadem.wpenginepowered.com\/wp-content\/uploads\/2018\/12\/NebDems-News-4-300x167.png","contentUrl":"https:\/\/nebraskadem.wpenginepowered.com\/wp-content\/uploads\/2018\/12\/NebDems-News-4-300x167.png"},{"@type":"BreadcrumbList","@id":"https:\/\/nebraskademocrats.org\/blog\/starry-eyed-gaze-orange-crush-ricketts-racism-nebdems-news\/#breadcrumb","itemListElement":[{"@type":"ListItem","position":1,"name":"Home","item":"https:\/\/nebraskademocrats.org\/"},{"@type":"ListItem","position":2,"name":"Starry-eyed Gaze\/Orange Crush\/Ricketts&#8217; Racism &#8211; #NebDems News"}]},{"@type":"WebSite","@id":"https:\/\/nebraskademocrats.org\/#website","url":"https:\/\/nebraskademocrats.org\/","name":"Nebraska Democratic Party","description":"Ph\u00e1t tri\u1ec3n cu\u1ed9c s\u1ed1ng t\u1ed1t \u0111\u1eb9p cho t\u1ea5t c\u1ea3 Nebraskans","publisher":{"@id":"https:\/\/nebraskademocrats.org\/#organization"},"potentialAction":[{"@type":"SearchAction","target":{"@type":"EntryPoint","urlTemplate":"https:\/\/nebraskademocrats.org\/?s={search_term_string}"},"query-input":{"@type":"PropertyValueSpecification","valueRequired":true,"valueName":"search_term_string"}}],"inLanguage":"vi"},{"@type":"Organization","@id":"https:\/\/nebraskademocrats.org\/#organization","name":"Nebraska Democratic Party","url":"https:\/\/nebraskademocrats.org\/","logo":{"@type":"ImageObject","inLanguage":"vi","@id":"https:\/\/nebraskademocrats.org\/#\/schema\/logo\/image\/","url":"https:\/\/nebraskadem.wpenginepowered.com\/wp-content\/uploads\/2016\/05\/NDP2.jpg","contentUrl":"https:\/\/nebraskadem.wpenginepowered.com\/wp-content\/uploads\/2016\/05\/NDP2.jpg","width":1000,"height":396,"caption":"Nebraska Democratic Party"},"image":{"@id":"https:\/\/nebraskademocrats.org\/#\/schema\/logo\/image\/"},"sameAs":["https:\/\/www.facebook.com\/NebraskaDemocraticParty\/","https:\/\/x.com\/nebraskadems"]},{"@type":"Person","@id":"https:\/\/nebraskademocrats.org\/#\/schema\/person\/33e011ea0795f404810dc40828bcf289","name":"McKesson qu\u00fd gi\u00e1","image":{"@type":"ImageObject","inLanguage":"vi","@id":"https:\/\/secure.gravatar.com\/avatar\/35046e19b3373116ec64c07d386d3312028d3820dc0ffe65c344bcebc8ea9194?s=96&d=mm&r=g","url":"https:\/\/secure.gravatar.com\/avatar\/35046e19b3373116ec64c07d386d3312028d3820dc0ffe65c344bcebc8ea9194?s=96&d=mm&r=g","contentUrl":"https:\/\/secure.gravatar.com\/avatar\/35046e19b3373116ec64c07d386d3312028d3820dc0ffe65c344bcebc8ea9194?s=96&d=mm&r=g","caption":"Precious McKesson"}}]}},"_links":{"self":[{"href":"https:\/\/nebraskademocrats.org\/vi\/wp-json\/wp\/v2\/posts\/7433","targetHints":{"allow":["GET"]}}],"collection":[{"href":"https:\/\/nebraskademocrats.org\/vi\/wp-json\/wp\/v2\/posts"}],"about":[{"href":"https:\/\/nebraskademocrats.org\/vi\/wp-json\/wp\/v2\/types\/post"}],"author":[{"embeddable":true,"href":"https:\/\/nebraskademocrats.org\/vi\/wp-json\/wp\/v2\/users\/19"}],"replies":[{"embeddable":true,"href":"https:\/\/nebraskademocrats.org\/vi\/wp-json\/wp\/v2\/comments?post=7433"}],"version-history":[{"count":0,"href":"https:\/\/nebraskademocrats.org\/vi\/wp-json\/wp\/v2\/posts\/7433\/revisions"}],"wp:attachment":[{"href":"https:\/\/nebraskademocrats.org\/vi\/wp-json\/wp\/v2\/media?parent=7433"}],"wp:term":[{"taxonomy":"category","embeddable":true,"href":"https:\/\/nebraskademocrats.org\/vi\/wp-json\/wp\/v2\/categories?post=7433"},{"taxonomy":"post_tag","embeddable":true,"href":"https:\/\/nebraskademocrats.org\/vi\/wp-json\/wp\/v2\/tags?post=7433"}],"curies":[{"name":"wp","href":"https:\/\/api.w.org\/{rel}","templated":true}]}}