{"id":7854,"date":"2019-02-15T14:58:21","date_gmt":"2019-02-15T20:58:21","guid":{"rendered":"https:\/\/nebraskadem.wpenginepowered.com\/?p=7456"},"modified":"2019-02-15T14:58:21","modified_gmt":"2019-02-15T20:58:21","slug":"trumps-fake-emergency-and-more-nebdems-news","status":"publish","type":"post","link":"https:\/\/nebraskademocrats.org\/vi\/blog\/trumps-fake-emergency-and-more-nebdems-news\/","title":{"rendered":"Trump&#8217;s Fake Emergency and more &#8211; #NebDems News"},"content":{"rendered":"<p>Well, lawmakers did their job and passed legislation to avert another shutdown of the federal government only to see Trump\u2019s temper tantrum continue when he declared a national emergency at the U.S. Mexico border.<\/p>\n<p>\u201cTrump declares a national emergency on a wall he promised Mexico would pay for and now is leaving D.C. for his country club,\u201d said NDP Chair Jane Kleeb. \u201cSounds more like a campaign stunt to feed red meat to his base than responsible governing.\u201d<\/p>\n<p>Trump\u2019s evolutionary obsession with our Southern Border and his demand that we secure it with a wall, steel slats, barrier or &#8220;Whatever You Want to Call It&#8221; was\u00a0<a href=\"https:\/\/www.nytimes.com\/interactive\/2019\/02\/13\/upshot\/detailed-timeline-trumps-words-border-wall.html?action=click&amp;module=Top%20Stories&amp;pgtype=Homepage\"><strong>detailed by The New York Times<\/strong><\/a>\u00a0in a jaw-dropping interactive graphic.<\/p>\n<figure><img decoding=\"async\" class=\"aligncenter\" src=\"https:\/\/can2-prod.s3.amazonaws.com\/uploads\/data\/000\/259\/266\/original\/Screenshot_(3).png\" width=\"1366\" \/><\/figure>\n<p>Before becoming the Republican nominee, Trump rarely got into specifics when saying Mexico would pay for a wall; he simply assured his supporters that it would. No issue was more associated with his candidacy than immigration, and the border wall was the centerpiece of that issue.<\/p>\n<p>After the election, Trump continued to insist that Mexico would pay for the wall, but began to qualify that it would do so \u201cin the end,\u201d \u201cultimately,\u201d \u201cindirectly\u201d or through reimbursement.<\/p>\n<p style=\"text-align: center;\">***<\/p>\n<p>Disturbing news this week that a BBC cameraman was attacked at Trump\u2019s \u201cFinish the Wall\u201d rally in El Paso, Texas.<\/p>\n<p>The ugly incident caught the eye of the venerable\u00a0<a href=\"https:\/\/www.esquire.com\/news-politics\/politics\/a26304061\/donald-trump-el-paso-rally\/\"><strong>Charles Pierce c\u1ee7a Esquire<\/strong><\/a><strong>,<\/strong>\u00a0ai \u0111\u00e3 vi\u1ebft:<\/p>\n<p><em>\u201cNobody who has attended one of these angry wankfests can be surprised this happened. This is especially true of anyone who&#8217;s spent time in the press pens that are placed strategically in the back so the president* can direct the wrath of his followers at them easily. Hell, Katy Tur of NBC News had to have the Secret Service walk her out of the building at one of these. The obvious potential for violence is one of the things that fill the arenas, and the members of the media are the obvious (and perennial) targets.\u201d<\/em><\/p>\n<p><img decoding=\"async\" class=\"aligncenter\" title=\"\" src=\"https:\/\/can2-prod.s3.amazonaws.com\/uploads\/data\/000\/259\/270\/original\/Wall.jpg\" alt=\"\" width=\"450\" align=\"center\" \/><\/p>\n<p style=\"text-align: center;\">***<\/p>\n<p><a href=\"https:\/\/www.ketv.com\/article\/uno-professor-community-activist-recovers-from-stroke\/26240855\"><strong>KETV did a nice piece<\/strong><\/a>\u00a0on NDP 2nd Associate\u00a0<strong>Chair Preston Love Jr<\/strong>., a well-known UNO professor and community activist who is recovering after suffering a stroke last month. &#8220;I have a lot of residual tingling, numbness and lack of coordination,&#8221; Love said. He was driving when he began experiencing symptoms. The left side of his body began feeling numb. By the time he arrived home, he could barely walk.<\/p>\n<p>Good to see he\u2019s on the mend.<\/p>\n<p style=\"text-align: center;\">***<\/p>\n<p>C\u00e1c\u00a0<a href=\"https:\/\/www.nytimes.com\/2019\/02\/15\/us\/politics\/national-debt-trump.html\"><strong>f<\/strong><strong>ederal debt hit $22 TRILLION<\/strong><\/a>\u00a0this week, which is horrifying.<\/p>\n<p><strong>GOP Reps. Bacon, Fortenberry and Smith<\/strong>\u00a0along with\u00a0<strong>Sens. Sasse v\u00e0 Fischer<\/strong>\u00a0voted for the Republican Tax Scam that made this mess worse.<\/p>\n<p>Next time you see them, say thanks. For nothing.<\/p>\n<p><img decoding=\"async\" class=\"aligncenter\" title=\"\" src=\"https:\/\/can2-prod.s3.amazonaws.com\/uploads\/data\/000\/259\/275\/original\/15DC-DEBT-jumbo.jpg\" alt=\"\" width=\"450\" align=\"center\" \/><\/p>\n<p style=\"text-align: center;\">***<\/p>\n<p>An\u00a0<a href=\"https:\/\/youtu.be\/Ts9iXe0Te24\"><strong>inspiring campaign video<\/strong><\/a>\u00a0from former NASA astronaut\u00a0<strong>Mark Kelly<\/strong>, who&#8217;s running as a Democrat for U.S. Senate in Arizona.<\/p>\n<p>Kelly, 54, is the husband of former\u00a0<strong>Rep. Gabby Giffords<\/strong>, D-Arizona, who survived a shooting in 2011. The two appeared together in Kelly&#8217;s announcement video, recounting that difficult period in their lives and Giffords&#8217; rehabilitation from the gunshot wound.<\/p>\n<p>Well worth watching.<\/p>\n<p style=\"text-align: center;\">***<\/p>\n<p>Leave it to Republican\u00a0<strong>Gov. Pete \u201cGosh my Dad\u2019s Rich\u201d Ricketts<\/strong>\u00a0to try to inject his views on abortion into the state budget bill.<\/p>\n<p><a href=\"https:\/\/journalstar.com\/legislature\/senators-vote-to-leave-abortion-funding-provision-out-of-budget\/article_c645628f-91d6-5897-9dc3-f39d1dc69cce.html\"><strong>Lincoln Journal Star \u0111\u01b0a tin<\/strong><\/a>\u00a0that when the Nebraska Legislature Appropriations Committee writes its budget bill this session, it will not include a provision related to Title X funding of family planning clinics that perform or refer patients for abortions.<\/p>\n<p>The majority of the committee voted against a motion Tuesday to include the language Gov. Pete Ricketts put into his budget proposal. Ricketts responded Tuesday night that given what is happening in other states with legislation to loosen restrictions on late-term abortions, &#8220;the decision to strip the pro-life language out of this year&#8217;s budget is especially appalling.&#8221;<\/p>\n<p>What\u2019s appalling, Pete, is that you put it in the budget in the first place.<\/p>\n<p style=\"text-align: center;\">***<\/p>\n<p>Trong tr\u01b0\u1eddng h\u1ee3p b\u1ea1n b\u1ecb m\u1ea5t n\u00f3,<a href=\"https:\/\/nebraskadem.wpenginepowered.com\/blog\/dnc-announces-details-for-the-first-two-presidential-primary-debates\/\">\u00a0<strong>the DNC released details of the 2020 Democratic Presidential Primary Debates.<\/strong><\/a><\/p>\n<p>DNC Chair\u00a0<strong>Tom Perez<\/strong>\u00a0said the goals for the debates are to (1) give the grassroots a bigger voice than ever before; (2) \u00a0showcase our candidates on an array of media platforms; (3) present an opportunity for vigorous discussion about issues, ideas and solutions; and (4) reach as many potential voters as possible.<\/p>\n<p>Perez announced 12 presidential primary debates to be held over the course of the 2020 cycle, with the first two occurring in June and July of 2019.<\/p>\n<p style=\"text-align: center;\">***<\/p>\n<p>We close this week with the reassuring thought that\u00a0<strong>Special Counsel Robert Mueller III<\/strong>\u00a0is marching along dutifully doing his job, as we were reminded by <strong>Julia Suits<\/strong> of The New Yorker.<\/p>\n<p><img decoding=\"async\" class=\"aligncenter\" title=\"\" src=\"https:\/\/can2-prod.s3.amazonaws.com\/uploads\/data\/000\/259\/278\/original\/cartoon.jpg\" alt=\"\" width=\"450\" align=\"center\" \/><\/p>\n<p>\u2013By Kevin O&#039;Hanlon \/ Gi\u00e1m \u0111\u1ed1c Truy\u1ec1n th\u00f4ng NDP<\/p>\n<div><\/div>\n<p style=\"text-align: center;\"><strong>###<\/strong><\/p>\n<p><strong>NH\u1eeeNG NG\u00c0Y QUAN TR\u1eccNG<\/strong><\/p>\n<p><strong>Ng\u00e0y 23 th\u00e1ng 2:<\/strong>\u00a0<a href=\"https:\/\/www.facebook.com\/events\/1205579942953720\/\">\u0110\u00e0o t\u1ea1o NDP: \u0110\u0103ng k\u00fd c\u1eed tri, Gi\u00e1o d\u1ee5c c\u1eed tri, B\u1ecf phi\u1ebfu qua th\u01b0<\/a><\/p>\n<p><strong>9 th\u00e1ng 3:<\/strong>\u00a0<a href=\"https:\/\/www.facebook.com\/events\/233606117557338\/\">\u0110\u00e0o t\u1ea1o NDP: \u0110\u00e0o t\u1ea1o v\u1ec1 m\u1ed1i quan t\u00e2m c\u1ee7a \u1ee9ng vi\u00ean<\/a><\/p>\n<p><strong>Ng\u00e0y 10 th\u00e1ng ba:<\/strong>\u00a0<a href=\"https:\/\/www.facebook.com\/events\/1958691124425442\">\u0110\u00e0o t\u1ea1o NDP: \u0110\u00e0o t\u1ea1o \u0110\u1ed9i tr\u01b0\u1edfng<\/a><\/p>\n<p><strong>Ng\u00e0y 29-31 th\u00e1ng 3:<\/strong>\u00a0<a href=\"https:\/\/www.facebook.com\/events\/317321469124318\/\">H\u1ed9i ngh\u1ecb \u1ee6y ban Trung \u01b0\u01a1ng Nh\u00e0 n\u01b0\u1edbc, c\u00e1c cu\u1ed9c h\u1ecdp \u0111\u00e0o t\u1ea1o v\u00e0 h\u1ecdp k\u00edn<\/a><\/p>\n<p><strong>8 th\u00e1ng T\u01b0:<\/strong>\u00a0<a href=\"https:\/\/www.facebook.com\/events\/264553561052651\/\">NDP ch\u00e0o c\u00e1c Th\u01b0\u1ee3ng ngh\u1ecb s\u0129 Ti\u1ec3u bang<\/a><\/p>\n<p><strong>9 th\u00e1ng 4:<\/strong>\u00a0Cu\u1ed9c b\u1ea7u c\u1eed s\u01a1 b\u1ed9 c\u1ee7a Th\u00e0nh ph\u1ed1 Lincoln<\/p>\n<p><strong>7 th\u00e1ng 5:<\/strong>\u00a0T\u1ed5ng tuy\u1ec3n c\u1eed th\u00e0nh ph\u1ed1 Lincoln<\/p>\n<p>&nbsp;<\/p>","protected":false},"excerpt":{"rendered":"<p>Well, lawmakers did their job and passed legislation to avert another shutdown of the federal government only to see Trump\u2019s temper tantrum continue when he declared a national emergency at the U.S. Mexico border. \u201cTrump declares a national emergency on a wall he promised Mexico would pay for and now is leaving D.C. for his &#8230; <a title=\"Trump&#8217;s Fake Emergency and more &#8211; #NebDems News\" class=\"read-more\" href=\"https:\/\/nebraskademocrats.org\/vi\/blog\/trumps-fake-emergency-and-more-nebdems-news\/\" aria-label=\"More on Trump&#8217;s Fake Emergency and more &#8211; #NebDems News\">\u0110\u1ecdc th\u00eam<\/a><\/p>","protected":false},"author":19,"featured_media":0,"comment_status":"closed","ping_status":"closed","sticky":false,"template":"","format":"standard","meta":{"_acf_changed":false,"_exactmetrics_skip_tracking":false,"_exactmetrics_sitenote_active":false,"_exactmetrics_sitenote_note":"","_exactmetrics_sitenote_category":0,"footnotes":""},"categories":[1],"tags":[],"class_list":["post-7854","post","type-post","status-publish","format-standard","hentry","category-blog"],"acf":[],"yoast_head":"<!-- This site is optimized with the Yoast SEO plugin v27.5 - https:\/\/yoast.com\/product\/yoast-seo-wordpress\/ -->\n<title>Trump&#039;s Fake Emergency and more - #NebDems News &#8211; Nebraska Democratic Party<\/title>\n<meta name=\"robots\" content=\"index, follow, max-snippet:-1, max-image-preview:large, max-video-preview:-1\" \/>\n<link rel=\"canonical\" href=\"https:\/\/nebraskademocrats.org\/vi\/blog\/trumps-fake-emergency-and-more-nebdems-news\/\" \/>\n<meta property=\"og:locale\" content=\"vi_VN\" \/>\n<meta property=\"og:type\" content=\"article\" \/>\n<meta property=\"og:title\" content=\"Trump&#039;s Fake Emergency and more - #NebDems News &#8211; Nebraska Democratic Party\" \/>\n<meta property=\"og:description\" content=\"Well, lawmakers did their job and passed legislation to avert another shutdown of the federal government only to see Trump\u2019s temper tantrum continue when he declared a national emergency at the U.S. Mexico border. \u201cTrump declares a national emergency on a wall he promised Mexico would pay for and now is leaving D.C. for his ... Read more\" \/>\n<meta property=\"og:url\" content=\"https:\/\/nebraskademocrats.org\/vi\/blog\/trumps-fake-emergency-and-more-nebdems-news\/\" \/>\n<meta property=\"og:site_name\" content=\"Nebraska Democratic Party\" \/>\n<meta property=\"article:publisher\" content=\"https:\/\/www.facebook.com\/NebraskaDemocraticParty\/\" \/>\n<meta property=\"article:published_time\" content=\"2019-02-15T20:58:21+00:00\" \/>\n<meta property=\"og:image\" content=\"https:\/\/can2-prod.s3.amazonaws.com\/uploads\/data\/000\/259\/266\/original\/Screenshot_(3).png\" \/>\n<meta name=\"author\" content=\"Precious McKesson\" \/>\n<meta name=\"twitter:card\" content=\"summary_large_image\" \/>\n<meta name=\"twitter:creator\" content=\"@nebraskadems\" \/>\n<meta name=\"twitter:site\" content=\"@nebraskadems\" \/>\n<meta name=\"twitter:label1\" content=\"\u0110\u01b0\u1ee3c vi\u1ebft b\u1edfi\" \/>\n\t<meta name=\"twitter:data1\" content=\"Precious McKesson\" \/>\n\t<meta name=\"twitter:label2\" content=\"\u01af\u1edbc t\u00ednh th\u1eddi gian \u0111\u1ecdc\" \/>\n\t<meta name=\"twitter:data2\" content=\"4 ph\u00fat\" \/>\n<script type=\"application\/ld+json\" class=\"yoast-schema-graph\">{\"@context\":\"https:\\\/\\\/schema.org\",\"@graph\":[{\"@type\":\"Article\",\"@id\":\"https:\\\/\\\/nebraskademocrats.org\\\/blog\\\/trumps-fake-emergency-and-more-nebdems-news\\\/#article\",\"isPartOf\":{\"@id\":\"https:\\\/\\\/nebraskademocrats.org\\\/blog\\\/trumps-fake-emergency-and-more-nebdems-news\\\/\"},\"author\":{\"name\":\"Precious McKesson\",\"@id\":\"https:\\\/\\\/nebraskademocrats.org\\\/#\\\/schema\\\/person\\\/33e011ea0795f404810dc40828bcf289\"},\"headline\":\"Trump&#8217;s Fake Emergency and more &#8211; #NebDems News\",\"datePublished\":\"2019-02-15T20:58:21+00:00\",\"mainEntityOfPage\":{\"@id\":\"https:\\\/\\\/nebraskademocrats.org\\\/blog\\\/trumps-fake-emergency-and-more-nebdems-news\\\/\"},\"wordCount\":842,\"publisher\":{\"@id\":\"https:\\\/\\\/nebraskademocrats.org\\\/#organization\"},\"image\":{\"@id\":\"https:\\\/\\\/nebraskademocrats.org\\\/blog\\\/trumps-fake-emergency-and-more-nebdems-news\\\/#primaryimage\"},\"thumbnailUrl\":\"https:\\\/\\\/can2-prod.s3.amazonaws.com\\\/uploads\\\/data\\\/000\\\/259\\\/266\\\/original\\\/Screenshot_(3).png\",\"articleSection\":[\"NDP Blog\"],\"inLanguage\":\"vi\"},{\"@type\":\"WebPage\",\"@id\":\"https:\\\/\\\/nebraskademocrats.org\\\/blog\\\/trumps-fake-emergency-and-more-nebdems-news\\\/\",\"url\":\"https:\\\/\\\/nebraskademocrats.org\\\/blog\\\/trumps-fake-emergency-and-more-nebdems-news\\\/\",\"name\":\"Trump's Fake Emergency and more - #NebDems News &#8211; Nebraska Democratic Party\",\"isPartOf\":{\"@id\":\"https:\\\/\\\/nebraskademocrats.org\\\/#website\"},\"primaryImageOfPage\":{\"@id\":\"https:\\\/\\\/nebraskademocrats.org\\\/blog\\\/trumps-fake-emergency-and-more-nebdems-news\\\/#primaryimage\"},\"image\":{\"@id\":\"https:\\\/\\\/nebraskademocrats.org\\\/blog\\\/trumps-fake-emergency-and-more-nebdems-news\\\/#primaryimage\"},\"thumbnailUrl\":\"https:\\\/\\\/can2-prod.s3.amazonaws.com\\\/uploads\\\/data\\\/000\\\/259\\\/266\\\/original\\\/Screenshot_(3).png\",\"datePublished\":\"2019-02-15T20:58:21+00:00\",\"breadcrumb\":{\"@id\":\"https:\\\/\\\/nebraskademocrats.org\\\/blog\\\/trumps-fake-emergency-and-more-nebdems-news\\\/#breadcrumb\"},\"inLanguage\":\"vi\",\"potentialAction\":[{\"@type\":\"ReadAction\",\"target\":[\"https:\\\/\\\/nebraskademocrats.org\\\/blog\\\/trumps-fake-emergency-and-more-nebdems-news\\\/\"]}]},{\"@type\":\"ImageObject\",\"inLanguage\":\"vi\",\"@id\":\"https:\\\/\\\/nebraskademocrats.org\\\/blog\\\/trumps-fake-emergency-and-more-nebdems-news\\\/#primaryimage\",\"url\":\"https:\\\/\\\/can2-prod.s3.amazonaws.com\\\/uploads\\\/data\\\/000\\\/259\\\/266\\\/original\\\/Screenshot_(3).png\",\"contentUrl\":\"https:\\\/\\\/can2-prod.s3.amazonaws.com\\\/uploads\\\/data\\\/000\\\/259\\\/266\\\/original\\\/Screenshot_(3).png\"},{\"@type\":\"BreadcrumbList\",\"@id\":\"https:\\\/\\\/nebraskademocrats.org\\\/blog\\\/trumps-fake-emergency-and-more-nebdems-news\\\/#breadcrumb\",\"itemListElement\":[{\"@type\":\"ListItem\",\"position\":1,\"name\":\"Home\",\"item\":\"https:\\\/\\\/nebraskademocrats.org\\\/\"},{\"@type\":\"ListItem\",\"position\":2,\"name\":\"Trump&#8217;s Fake Emergency and more &#8211; #NebDems News\"}]},{\"@type\":\"WebSite\",\"@id\":\"https:\\\/\\\/nebraskademocrats.org\\\/#website\",\"url\":\"https:\\\/\\\/nebraskademocrats.org\\\/\",\"name\":\"Nebraska Democratic Party\",\"description\":\"Growing the Good Life for All Nebraskans\",\"publisher\":{\"@id\":\"https:\\\/\\\/nebraskademocrats.org\\\/#organization\"},\"potentialAction\":[{\"@type\":\"SearchAction\",\"target\":{\"@type\":\"EntryPoint\",\"urlTemplate\":\"https:\\\/\\\/nebraskademocrats.org\\\/?s={search_term_string}\"},\"query-input\":{\"@type\":\"PropertyValueSpecification\",\"valueRequired\":true,\"valueName\":\"search_term_string\"}}],\"inLanguage\":\"vi\"},{\"@type\":\"Organization\",\"@id\":\"https:\\\/\\\/nebraskademocrats.org\\\/#organization\",\"name\":\"Nebraska Democratic Party\",\"url\":\"https:\\\/\\\/nebraskademocrats.org\\\/\",\"logo\":{\"@type\":\"ImageObject\",\"inLanguage\":\"vi\",\"@id\":\"https:\\\/\\\/nebraskademocrats.org\\\/#\\\/schema\\\/logo\\\/image\\\/\",\"url\":\"https:\\\/\\\/nebraskadem.wpenginepowered.com\\\/wp-content\\\/uploads\\\/2016\\\/05\\\/NDP2.jpg\",\"contentUrl\":\"https:\\\/\\\/nebraskadem.wpenginepowered.com\\\/wp-content\\\/uploads\\\/2016\\\/05\\\/NDP2.jpg\",\"width\":1000,\"height\":396,\"caption\":\"Nebraska Democratic Party\"},\"image\":{\"@id\":\"https:\\\/\\\/nebraskademocrats.org\\\/#\\\/schema\\\/logo\\\/image\\\/\"},\"sameAs\":[\"https:\\\/\\\/www.facebook.com\\\/NebraskaDemocraticParty\\\/\",\"https:\\\/\\\/x.com\\\/nebraskadems\"]},{\"@type\":\"Person\",\"@id\":\"https:\\\/\\\/nebraskademocrats.org\\\/#\\\/schema\\\/person\\\/33e011ea0795f404810dc40828bcf289\",\"name\":\"Precious McKesson\",\"image\":{\"@type\":\"ImageObject\",\"inLanguage\":\"vi\",\"@id\":\"https:\\\/\\\/secure.gravatar.com\\\/avatar\\\/35046e19b3373116ec64c07d386d3312028d3820dc0ffe65c344bcebc8ea9194?s=96&d=mm&r=g\",\"url\":\"https:\\\/\\\/secure.gravatar.com\\\/avatar\\\/35046e19b3373116ec64c07d386d3312028d3820dc0ffe65c344bcebc8ea9194?s=96&d=mm&r=g\",\"contentUrl\":\"https:\\\/\\\/secure.gravatar.com\\\/avatar\\\/35046e19b3373116ec64c07d386d3312028d3820dc0ffe65c344bcebc8ea9194?s=96&d=mm&r=g\",\"caption\":\"Precious McKesson\"}}]}<\/script>\n<!-- \/ Yoast SEO plugin. -->","yoast_head_json":{"title":"Trump's Fake Emergency and more - #NebDems News &#8211; Nebraska Democratic Party","robots":{"index":"index","follow":"follow","max-snippet":"max-snippet:-1","max-image-preview":"max-image-preview:large","max-video-preview":"max-video-preview:-1"},"canonical":"https:\/\/nebraskademocrats.org\/vi\/blog\/trumps-fake-emergency-and-more-nebdems-news\/","og_locale":"vi_VN","og_type":"article","og_title":"Trump's Fake Emergency and more - #NebDems News &#8211; Nebraska Democratic Party","og_description":"Well, lawmakers did their job and passed legislation to avert another shutdown of the federal government only to see Trump\u2019s temper tantrum continue when he declared a national emergency at the U.S. Mexico border. \u201cTrump declares a national emergency on a wall he promised Mexico would pay for and now is leaving D.C. for his ... Read more","og_url":"https:\/\/nebraskademocrats.org\/vi\/blog\/trumps-fake-emergency-and-more-nebdems-news\/","og_site_name":"Nebraska Democratic Party","article_publisher":"https:\/\/www.facebook.com\/NebraskaDemocraticParty\/","article_published_time":"2019-02-15T20:58:21+00:00","og_image":[{"url":"https:\/\/can2-prod.s3.amazonaws.com\/uploads\/data\/000\/259\/266\/original\/Screenshot_(3).png","type":"","width":"","height":""}],"author":"Precious McKesson","twitter_card":"summary_large_image","twitter_creator":"@nebraskadems","twitter_site":"@nebraskadems","twitter_misc":{"\u0110\u01b0\u1ee3c vi\u1ebft b\u1edfi":"Precious McKesson","\u01af\u1edbc t\u00ednh th\u1eddi gian \u0111\u1ecdc":"4 ph\u00fat"},"schema":{"@context":"https:\/\/schema.org","@graph":[{"@type":"Article","@id":"https:\/\/nebraskademocrats.org\/blog\/trumps-fake-emergency-and-more-nebdems-news\/#article","isPartOf":{"@id":"https:\/\/nebraskademocrats.org\/blog\/trumps-fake-emergency-and-more-nebdems-news\/"},"author":{"name":"Precious McKesson","@id":"https:\/\/nebraskademocrats.org\/#\/schema\/person\/33e011ea0795f404810dc40828bcf289"},"headline":"Trump&#8217;s Fake Emergency and more &#8211; #NebDems News","datePublished":"2019-02-15T20:58:21+00:00","mainEntityOfPage":{"@id":"https:\/\/nebraskademocrats.org\/blog\/trumps-fake-emergency-and-more-nebdems-news\/"},"wordCount":842,"publisher":{"@id":"https:\/\/nebraskademocrats.org\/#organization"},"image":{"@id":"https:\/\/nebraskademocrats.org\/blog\/trumps-fake-emergency-and-more-nebdems-news\/#primaryimage"},"thumbnailUrl":"https:\/\/can2-prod.s3.amazonaws.com\/uploads\/data\/000\/259\/266\/original\/Screenshot_(3).png","articleSection":["NDP Blog"],"inLanguage":"vi"},{"@type":"WebPage","@id":"https:\/\/nebraskademocrats.org\/blog\/trumps-fake-emergency-and-more-nebdems-news\/","url":"https:\/\/nebraskademocrats.org\/blog\/trumps-fake-emergency-and-more-nebdems-news\/","name":"Trump's Fake Emergency and more - #NebDems News &#8211; Nebraska Democratic Party","isPartOf":{"@id":"https:\/\/nebraskademocrats.org\/#website"},"primaryImageOfPage":{"@id":"https:\/\/nebraskademocrats.org\/blog\/trumps-fake-emergency-and-more-nebdems-news\/#primaryimage"},"image":{"@id":"https:\/\/nebraskademocrats.org\/blog\/trumps-fake-emergency-and-more-nebdems-news\/#primaryimage"},"thumbnailUrl":"https:\/\/can2-prod.s3.amazonaws.com\/uploads\/data\/000\/259\/266\/original\/Screenshot_(3).png","datePublished":"2019-02-15T20:58:21+00:00","breadcrumb":{"@id":"https:\/\/nebraskademocrats.org\/blog\/trumps-fake-emergency-and-more-nebdems-news\/#breadcrumb"},"inLanguage":"vi","potentialAction":[{"@type":"ReadAction","target":["https:\/\/nebraskademocrats.org\/blog\/trumps-fake-emergency-and-more-nebdems-news\/"]}]},{"@type":"ImageObject","inLanguage":"vi","@id":"https:\/\/nebraskademocrats.org\/blog\/trumps-fake-emergency-and-more-nebdems-news\/#primaryimage","url":"https:\/\/can2-prod.s3.amazonaws.com\/uploads\/data\/000\/259\/266\/original\/Screenshot_(3).png","contentUrl":"https:\/\/can2-prod.s3.amazonaws.com\/uploads\/data\/000\/259\/266\/original\/Screenshot_(3).png"},{"@type":"BreadcrumbList","@id":"https:\/\/nebraskademocrats.org\/blog\/trumps-fake-emergency-and-more-nebdems-news\/#breadcrumb","itemListElement":[{"@type":"ListItem","position":1,"name":"Home","item":"https:\/\/nebraskademocrats.org\/"},{"@type":"ListItem","position":2,"name":"Trump&#8217;s Fake Emergency and more &#8211; #NebDems News"}]},{"@type":"WebSite","@id":"https:\/\/nebraskademocrats.org\/#website","url":"https:\/\/nebraskademocrats.org\/","name":"Nebraska Democratic Party","description":"Ph\u00e1t tri\u1ec3n cu\u1ed9c s\u1ed1ng t\u1ed1t \u0111\u1eb9p cho t\u1ea5t c\u1ea3 Nebraskans","publisher":{"@id":"https:\/\/nebraskademocrats.org\/#organization"},"potentialAction":[{"@type":"SearchAction","target":{"@type":"EntryPoint","urlTemplate":"https:\/\/nebraskademocrats.org\/?s={search_term_string}"},"query-input":{"@type":"PropertyValueSpecification","valueRequired":true,"valueName":"search_term_string"}}],"inLanguage":"vi"},{"@type":"Organization","@id":"https:\/\/nebraskademocrats.org\/#organization","name":"Nebraska Democratic Party","url":"https:\/\/nebraskademocrats.org\/","logo":{"@type":"ImageObject","inLanguage":"vi","@id":"https:\/\/nebraskademocrats.org\/#\/schema\/logo\/image\/","url":"https:\/\/nebraskadem.wpenginepowered.com\/wp-content\/uploads\/2016\/05\/NDP2.jpg","contentUrl":"https:\/\/nebraskadem.wpenginepowered.com\/wp-content\/uploads\/2016\/05\/NDP2.jpg","width":1000,"height":396,"caption":"Nebraska Democratic Party"},"image":{"@id":"https:\/\/nebraskademocrats.org\/#\/schema\/logo\/image\/"},"sameAs":["https:\/\/www.facebook.com\/NebraskaDemocraticParty\/","https:\/\/x.com\/nebraskadems"]},{"@type":"Person","@id":"https:\/\/nebraskademocrats.org\/#\/schema\/person\/33e011ea0795f404810dc40828bcf289","name":"McKesson qu\u00fd gi\u00e1","image":{"@type":"ImageObject","inLanguage":"vi","@id":"https:\/\/secure.gravatar.com\/avatar\/35046e19b3373116ec64c07d386d3312028d3820dc0ffe65c344bcebc8ea9194?s=96&d=mm&r=g","url":"https:\/\/secure.gravatar.com\/avatar\/35046e19b3373116ec64c07d386d3312028d3820dc0ffe65c344bcebc8ea9194?s=96&d=mm&r=g","contentUrl":"https:\/\/secure.gravatar.com\/avatar\/35046e19b3373116ec64c07d386d3312028d3820dc0ffe65c344bcebc8ea9194?s=96&d=mm&r=g","caption":"Precious McKesson"}}]}},"_links":{"self":[{"href":"https:\/\/nebraskademocrats.org\/vi\/wp-json\/wp\/v2\/posts\/7854","targetHints":{"allow":["GET"]}}],"collection":[{"href":"https:\/\/nebraskademocrats.org\/vi\/wp-json\/wp\/v2\/posts"}],"about":[{"href":"https:\/\/nebraskademocrats.org\/vi\/wp-json\/wp\/v2\/types\/post"}],"author":[{"embeddable":true,"href":"https:\/\/nebraskademocrats.org\/vi\/wp-json\/wp\/v2\/users\/19"}],"replies":[{"embeddable":true,"href":"https:\/\/nebraskademocrats.org\/vi\/wp-json\/wp\/v2\/comments?post=7854"}],"version-history":[{"count":0,"href":"https:\/\/nebraskademocrats.org\/vi\/wp-json\/wp\/v2\/posts\/7854\/revisions"}],"wp:attachment":[{"href":"https:\/\/nebraskademocrats.org\/vi\/wp-json\/wp\/v2\/media?parent=7854"}],"wp:term":[{"taxonomy":"category","embeddable":true,"href":"https:\/\/nebraskademocrats.org\/vi\/wp-json\/wp\/v2\/categories?post=7854"},{"taxonomy":"post_tag","embeddable":true,"href":"https:\/\/nebraskademocrats.org\/vi\/wp-json\/wp\/v2\/tags?post=7854"}],"curies":[{"name":"wp","href":"https:\/\/api.w.org\/{rel}","templated":true}]}}